{"id":10698,"date":"2026-09-01T13:02:38","date_gmt":"2026-09-01T11:02:38","guid":{"rendered":"https:\/\/farmersingles.de\/magazin\/?p=10698"},"modified":"2026-09-01T18:00:48","modified_gmt":"2026-09-01T16:00:48","slug":"bauer-sucht-frau-anna-gerald-heiser-paartherapie","status":"publish","type":"post","link":"https:\/\/farmersingles.de\/magazin\/bauer-sucht-frau\/bauer-sucht-frau-anna-gerald-heiser-paartherapie\/","title":{"rendered":"Bauer sucht Frau: Anna und Gerald Heiser \u2013 Paartherapie"},"content":{"rendered":"<p>Foto: RTL<\/p>\n\n\n<figure class=\"wp-block-embed is-type-video is-provider-youtube wp-block-embed-youtube wp-embed-aspect-9-16 wp-has-aspect-ratio\"><div class=\"wp-block-embed__wrapper\">\n<iframe hcb-fetch-image-from=\"https:\/\/www.youtube.com\/watch?v=-CI-6NZmOpk\" title=\"Bauer sucht Frau: Anna und Gerald Heiser \u2013 Paartherapie\" width=\"910\" height=\"683\" src=\"https:\/\/www.youtube.com\/embed\/-CI-6NZmOpk?feature=oembed\" frameborder=\"0\" allow=\"accelerometer; autoplay; clipboard-write; encrypted-media; gyroscope; picture-in-picture; web-share\" referrerpolicy=\"strict-origin-when-cross-origin\" allowfullscreen><\/iframe>\n<\/div><\/figure>\n\n\n\n<p><em>Anna und Gerald Heiser k\u00e4mpfen bei Bauer sucht Frau f\u00fcr ihre Ehe \u2013 mit echter Paartherapie. Nach der zweiten Sitzung meldet sich Anna Heiser zu Wort und macht erstmals Hoffnung.<\/em><\/p>\n\n<div class=\"callout-box\">\n  <p><strong>&#x1f4cc; Das Wichtigste auf einen Blick<\/strong><\/p>\n  <ul>\n    <li><strong>Anna und Gerald Heiser gehen gemeinsam zur Paartherapie<\/strong><\/li>\n    <li><strong>Anna: \u201eEmotional aufw\u00fchlend und unglaublich anstrengend \u2013 doch genauso wichtig&#8220;<\/strong><\/li>\n    <li><strong>Erste Hoffnung: Die Ehe geht \u201eendlich in die richtige Richtung&#8220;<\/strong><\/li>\n  <\/ul>\n<\/div>\n\n<h2><a href=\"\/magazin\/kategorie\/bauer-sucht-frau\/\">Bauer sucht Frau<\/a>: Anna und Gerald Heiser \u2013 Paartherapie nach harten Wochen<\/h2>\n\n<p>Therapie ist kein Zeichen von Schw\u00e4che \u2013 sondern von Entschlossenheit. <strong>Anna und Gerald Heiser<\/strong>, bekannte Stars aus der RTL-Kuppelshow, haben sich einen Paartherapeuten gesucht. Ihre Farm in Namibia stand kurz vor dem Aus, die Ehe zeigte Risse. Statt wegzusehen, setzten die zwei auf professionelle Hilfe.<\/p>\n\n<p>Nach der zweiten Sitzung gibt die 34-J\u00e4hrige einen ehrlichen Einblick: \u201eIch w\u00fcnschte, ich k\u00f6nnte sagen, wir h\u00e4tten es geschafft und br\u00e4uchten keine weitere, aber das w\u00e4re nicht wahr. <strong>Diese Sitzungen sind emotional aufw\u00fchlend und unglaublich anstrengend \u2013 doch genauso wichtig.<\/strong>&#8220; Ein Satz ohne Sch\u00f6nf\u00e4rberei. Das hat gesessen.<\/p>\n\n<div class=\"related-post\" style=\"border-top: 1px solid #ccc; border-bottom: 1px solid #ccc; padding: 10px 0;\">        <div style=\"display: flex; align-items: center; margin-bottom: 10px;\"> \r\n          <a href=\"https:\/\/farmersingles.de\/magazin\/bauer-sucht-frau\/bauer-sucht-frau-laura-und-friedrich-jahrestag\/\">\r\n                          <div class=\"related-post-thumbnail\" style=\"width: 75px; height: 75px; margin-right: 10px;\"> \r\n                <img decoding=\"async\" width=\"150\" height=\"150\" src=\"https:\/\/farmersingles.de\/magazin\/wp-content\/uploads\/laura-wagner-friedrich-dieckmann-bauer-sucht-frau-jahrestag-150x150.jpg\" class=\"attachment-thumbnail size-thumbnail wp-post-image\" alt=\"Laura Wagner und Friedrich Dieckmann bei Bauer sucht Frau \u2013 Jahrestag ihrer geheimen Liebe\" \/>              <\/div>\r\n                      <\/a>\r\n          <a href=\"https:\/\/farmersingles.de\/magazin\/bauer-sucht-frau\/bauer-sucht-frau-laura-und-friedrich-jahrestag\/\" style=\"word-break: break-word; max-width: 70%; font-weight: bold; text-transform: uppercase;\"> \r\n            Bauer sucht Frau: Laura und Friedrich \u2013 Liebe als Geheimnis          <\/a>\r\n        <\/div>\r\n      <\/div>\n\n\n<p style=\"text-align:center\"><a class=\"cta-button\" style=\"background:#429A45;color:#fff;padding:14px 28px;border-radius:8px;text-decoration:none;font-weight:bold;font-size:16px;display:inline-block;\" href=\"https:\/\/farmersingles.de\/?AID=FarmersinglesMagazin\" rel=\"nofollow\">Jetzt kostenfrei auf Farmersingles registrieren<\/a><\/p>\n\n<h3>Bauer sucht Frau: Anna und Gerald Heiser \u2013 Schw\u00e4chen erkennen, Ehe retten<\/h3>\n\n<p>Was in den Therapiestunden konkret passiert, fasst <strong>Anna Heiser<\/strong> klar zusammen: \u201eWir fangen an zu verstehen, wo unsere Schw\u00e4chen liegen und woran wir arbeiten m\u00fcssen.&#8220; F\u00fcr die zweifache Mutter liegt ein wesentlicher Punkt bei ihr selbst. Sie m\u00fcsse lernen, \u201eDinge zu akzeptieren, die ich nicht \u00e4ndern kann. Loszulassen.&#8220; Das klingt nach wenig \u2013 bedeutet aber eine Menge.<\/p>\n\n<p>Das Paar aus Bauer sucht Frau muss sich Schritt f\u00fcr Schritt neu kennenlernen: auf eine tiefere Art und Weise, so <strong>Anna Heiser<\/strong>. Nicht die Version, die man aus der Show kannte, sondern die echte \u2013 mit allem Drum und Dran. Wer schon mal eine Ehe repariert hat, wei\u00df: Das ist kein Wochenendprojekt. Mehr \u00fcber fr\u00fchere Krisen von <strong>Anna Heiser<\/strong> liest du hier: <a href=\"https:\/\/farmersingles.de\/magazin\/bauer-sucht-frau\/bauer-sucht-frau-anna-heiser-traenen-ein-jahr-danach\/\">Anna Heiser \u2013 Tr\u00e4nen ein Jahr danach<\/a>.<\/p>\n\n<iframe src=\"https:\/\/js.icony.com\/frame\/?w=300&h=300&t=4&pc=429A45&id=farmersingles&aid=farmersinglesmagazin\"\r\n  title=\"Finde jetzt Deinen Landwirtflirt \u2013 kostenlos anmelden\" loading=\"lazy\"\r\n  style=\"width:300px;max-width:100%;height:300px;border:0;display:block;margin:24px auto;\"><\/iframe>\r\n\n\n\n<h3>Bauer sucht Frau: Anna Heiser \u2013 Ein Hoffnungsschimmer nach der Krise<\/h3>\n\n<p>Trotz allem klingt da etwas durch, das man bei <strong>Anna und Gerald Heiser<\/strong> lange vermisst hat: Zuversicht. \u201eEs ist kein einfacher Weg, aber es f\u00fchlt sich an, als w\u00fcrden wir endlich in die richtige Richtung gehen&#8220;, schreibt <strong>Anna Heiser<\/strong>. Nicht Jubel \u2013 aber ein ehrlicher Fortschritt.<\/p>\n\n<p>Was das Paar aus Bauer sucht Frau aufgebaut hat, ist nicht nichts: Eine Farm in Namibia, mitten in der Wildnis, zwei Kinder, ein Leben weit weg von Deutschland. Dass <strong>Anna und Gerald Heiser<\/strong> jetzt nicht aufgeben, sagt alles \u00fcber die zwei. Und \u00fcber Gerald Heisers Entscheidung, seinen Beruf neu zu definieren, kannst du hier mehr lesen: <a href=\"https:\/\/farmersingles.de\/magazin\/bauer-sucht-frau\/bauer-sucht-frau-gerald-heiser-kein-landwirt-mehr\/\">Gerald Heiser kein Landwirt mehr<\/a>.<\/p>\n\n<div class=\"related-posts\" style=\"border-top: 1px solid #ccc; border-bottom: 1px solid #ccc; padding: 10px 0;\">        <div style=\"display: flex; align-items: center; margin-bottom: 10px;\"> \r\n          <a href=\"https:\/\/farmersingles.de\/magazin\/bauer-sucht-frau\/bauer-sucht-frau-international-markus-suedtirol\/\">\r\n                          <div class=\"related-post-thumbnail\" style=\"width: 75px; height: 75px; margin-right: 10px;\"> \r\n                <img decoding=\"async\" width=\"150\" height=\"150\" src=\"https:\/\/farmersingles.de\/magazin\/wp-content\/uploads\/markus-bauer-sucht-frau-international-suedtirol-150x150.webp\" class=\"attachment-thumbnail size-thumbnail wp-post-image\" alt=\"Markus aus S\u00fcdtirol bei Bauer sucht Frau International 2027 \u2014 Milchviehbetrieb mit Blick auf die Dolomiten\" srcset=\"https:\/\/farmersingles.de\/magazin\/wp-content\/uploads\/markus-bauer-sucht-frau-international-suedtirol-150x150.webp 150w, https:\/\/farmersingles.de\/magazin\/wp-content\/uploads\/markus-bauer-sucht-frau-international-suedtirol-300x300.webp 300w, https:\/\/farmersingles.de\/magazin\/wp-content\/uploads\/markus-bauer-sucht-frau-international-suedtirol-1024x1024.webp 1024w, https:\/\/farmersingles.de\/magazin\/wp-content\/uploads\/markus-bauer-sucht-frau-international-suedtirol-768x768.webp 768w, https:\/\/farmersingles.de\/magazin\/wp-content\/uploads\/markus-bauer-sucht-frau-international-suedtirol.webp 1200w\" sizes=\"(max-width: 150px) 100vw, 150px\" \/>              <\/div>\r\n                      <\/a>\r\n          <a href=\"https:\/\/farmersingles.de\/magazin\/bauer-sucht-frau\/bauer-sucht-frau-international-markus-suedtirol\/\" style=\"word-break: break-word; max-width: 70%; font-weight: bold; text-transform: uppercase;\"> \r\n            Bauer sucht Frau International: Markus will Leben rocken          <\/a>\r\n        <\/div>\r\n      <\/div>\n\n\n<div style=\"text-align:center;margin:28px 0;\">Landwirt-Singles in deiner Region finden<\/div>\n\n<ul>\n  <li><strong>Anna und Gerald Heiser gehen nach der Ehekrise gemeinsam zur Paartherapie<\/strong><\/li>\n  <li><strong>Anna beschreibt die Sitzungen als \u201eemotional aufw\u00fchlend und unglaublich anstrengend&#8220;<\/strong><\/li>\n  <li><strong>Knackpunkt f\u00fcr Anna: Dinge loslassen, die sie nicht \u00e4ndern kann<\/strong><\/li>\n  <li><strong>Erstes Fazit von Anna Heiser: Die Ehe geht endlich in die richtige Richtung<\/strong><\/li>\n<\/ul>\n\n<p><em>Jetzt kostenfrei auf Farmersingles registrieren<\/em><\/p>\n\n<p>Mehr frische Liebesgeschichten aus Bauer sucht Frau: <a href=\"https:\/\/farmersingles.de\/magazin\/bauer-sucht-frau\/bauer-sucht-frau-laura-und-friedrich-jahrestag\/\">Laura und Friedrich \u2013 Liebe als Geheimnis<\/a>.<\/p>\n\n<div class=\"faq-section\" style=\"margin:32px 0;\">\n<h2>H\u00e4ufige Fragen zu Anna und Gerald Heiser<\/h2>\n<details style=\"border-bottom:1px solid #e0e0e0;margin-bottom:12px;padding-bottom:12px;\">\n<summary style=\"font-weight:bold;font-size:16px;cursor:pointer;padding:8px 0;\">Machen Anna und Gerald Heiser eine Paartherapie?<\/summary>\n<p style=\"padding:8px 0 0 0;color:#444;\">Ja. Anna und Gerald Heiser gehen gemeinsam zur Paartherapie. Nach der zweiten Sitzung berichtete Anna Heiser: Die Stunden seien emotional aufw\u00fchlend und anstrengend, aber genauso wichtig.<\/p>\n<\/details>\n<details style=\"border-bottom:1px solid #e0e0e0;margin-bottom:12px;padding-bottom:12px;\">\n<summary style=\"font-weight:bold;font-size:16px;cursor:pointer;padding:8px 0;\">Was sagt Anna Heiser \u00fcber die Ehekrise bei Bauer sucht Frau?<\/summary>\n<p style=\"padding:8px 0 0 0;color:#444;\">Anna Heiser spricht offen: Sie und Gerald m\u00fcssen verstehen, wo ihre Schw\u00e4chen liegen. F\u00fcr Anna bedeutet das vor allem, Dinge loszulassen, die sie nicht \u00e4ndern kann. Trotzdem sieht sie Hoffnung \u2013 die Ehe gehe endlich in die richtige Richtung.<\/p>\n<\/details>\n<details style=\"border-bottom:1px solid #e0e0e0;margin-bottom:12px;padding-bottom:12px;\">\n<summary style=\"font-weight:bold;font-size:16px;cursor:pointer;padding:8px 0;\">Wie geht es Anna und Gerald Heiser auf ihrer Farm in Namibia?<\/summary>\n<p style=\"padding:8px 0 0 0;color:#444;\">Anna und Gerald Heiser leben auf ihrer Farm in Namibia. Die Farm stand zeitweise kurz vor dem Aus. Das Paar k\u00e4mpft nun auf zwei Fronten \u2013 f\u00fcr den Hof und f\u00fcr die Ehe \u2013 jetzt mit professioneller Unterst\u00fctzung durch eine Paartherapie.<\/p>\n<\/details>\n<\/div>\n\n\n<p style=\"background:#eef6ff;border-left:4px solid #ff8c00;padding:12px 16px;margin:20px 0;border-radius:4px;\">&#x1f491; <strong>Gro\u00dfer \u00dcberblick:<\/strong> <a href=\"https:\/\/farmersingles.de\/magazin\/bauer-sucht-frau\/bauer-sucht-frau-paare-noch-zusammen\/\">Bauer sucht Frau Paare 2026 \u2013 welche sind noch zusammen, welche getrennt?<\/a><\/p>\n<script type=\"application\/ld+json\">{\"@context\":\"https:\/\/schema.org\",\"@type\":\"FAQPage\",\"mainEntity\":[{\"@type\":\"Question\",\"name\":\"Machen Anna und Gerald Heiser eine Paartherapie?\",\"acceptedAnswer\":{\"@type\":\"Answer\",\"text\":\"Ja. Anna und Gerald Heiser gehen gemeinsam zur Paartherapie. Nach der zweiten Sitzung berichtete Anna Heiser: Die Stunden seien emotional aufw\u00fchlend und anstrengend, aber genauso wichtig.\"}},{\"@type\":\"Question\",\"name\":\"Was sagt Anna Heiser \u00fcber die Ehekrise bei Bauer sucht Frau?\",\"acceptedAnswer\":{\"@type\":\"Answer\",\"text\":\"Anna Heiser spricht offen: Sie und Gerald m\u00fcssen verstehen, wo ihre Schw\u00e4chen liegen. F\u00fcr Anna bedeutet das vor allem, Dinge loszulassen, die sie nicht \u00e4ndern kann. Trotzdem sieht sie Hoffnung \u2013 die Ehe gehe endlich in die richtige Richtung.\"}},{\"@type\":\"Question\",\"name\":\"Wie geht es Anna und Gerald Heiser auf ihrer Farm in Namibia?\",\"acceptedAnswer\":{\"@type\":\"Answer\",\"text\":\"Anna und Gerald Heiser leben auf ihrer Farm in Namibia. Die Farm stand zeitweise kurz vor dem Aus. Das Paar k\u00e4mpft nun auf zwei Fronten \u2013 f\u00fcr den Hof und f\u00fcr die Ehe \u2013 jetzt mit professioneller Unterst\u00fctzung durch eine Paartherapie.\"}}]}<\/script>\n\n<script type=\"application\/ld+json\">{\"@context\":\"https:\/\/schema.org\",\"@type\":\"NewsArticle\",\"headline\":\"Bauer sucht Frau: Anna und Gerald Heiser \u2013 Paartherapie\",\"datePublished\":\"2026-09-01\",\"author\":{\"@type\":\"Person\",\"name\":\"Redaktion\"},\"image\":\"https:\/\/farmersingles.de\/magazin\/wp-content\/uploads\/anna-heiser-paartherapie-bauer-sucht-frau.webp\"}<\/script>\n\n<p style=\"font-size:13px;color:#888;\">Bildquelle: <a href=\"https:\/\/www.rtl.de\/sendungen\/bauer-sucht-frau\/\" rel=\"nofollow\" target=\"_blank\">RTL \/ Bauer sucht Frau<\/a><\/p>\n\n<script async src=\"https:\/\/pagead2.googlesyndication.com\/pagead\/js\/adsbygoogle.js?client=ca-pub-7983820903707395\"\r\n     crossorigin=\"anonymous\"><\/script>\r\n<ins class=\"adsbygoogle\"\r\n     style=\"display:block; text-align:center;\"\r\n     data-ad-layout=\"in-article\"\r\n     data-ad-format=\"fluid\"\r\n     data-ad-client=\"ca-pub-7983820903707395\"\r\n     data-ad-slot=\"1676608972\"><\/ins>\r\n<script>\r\n     (adsbygoogle = window.adsbygoogle || []).push({});\r\n<\/script>\n","protected":false},"excerpt":{"rendered":"<p>Foto: RTL Anna und Gerald Heiser k\u00e4mpfen bei Bauer sucht Frau f\u00fcr ihre Ehe \u2013 mit echter Paartherapie. Nach der<\/p>\n","protected":false},"author":3,"featured_media":10696,"comment_status":"closed","ping_status":"open","sticky":false,"template":"","format":"standard","meta":{"_monsterinsights_skip_tracking":false,"footnotes":""},"categories":[10],"tags":[208],"class_list":["post-10698","post","type-post","status-publish","format-standard","has-post-thumbnail","hentry","category-bauer-sucht-frau","tag-bauer-sucht-frau","comments-off"],"aioseo_notices":[],"aioseo_head":"\n\t\t<!-- All in One SEO Pro 5.0.1.1 - aioseo.com -->\n\t<meta name=\"description\" content=\"Laura und Friedrich aus Bauer sucht Frau feiern Jahrestag: Wie sie ihre Liebe monatelang geheim hielten \u2013 und wer Laura angeblich war.\" \/>\n\t<meta name=\"robots\" content=\"max-image-preview:large\" \/>\n\t<meta name=\"author\" content=\"Tommy Honold\"\/>\n\t<meta name=\"google-site-verification\" content=\"KEZ3cDM2NkJxOFs8eZsgARzq_2phF3da5NW-9GPDAEk\" \/>\n\t<meta name=\"p:domain_verify\" content=\"0cc3c227a37cb21099f62c20f8ad6f6d\" \/>\n\t<link rel=\"canonical\" href=\"https:\/\/farmersingles.de\/magazin\/bauer-sucht-frau\/bauer-sucht-frau-laura-und-friedrich-jahrestag\/\" \/>\n\t<meta name=\"generator\" content=\"All in One SEO Pro (AIOSEO) 5.0.1.1\" \/>\n\t\t<meta property=\"og:locale\" content=\"de_DE\" \/>\n\t\t<meta property=\"og:site_name\" content=\"FarmerSingles MAGAZIN | TIPPS F\u00dcR SINGLES vom Land &amp; BAUER SUCHT FRAU\" \/>\n\t\t<meta property=\"og:type\" content=\"article\" \/>\n\t\t<meta property=\"og:title\" content=\"Bauer sucht Frau: Laura und Friedrich \u2013 Liebe als Geheimnis\" \/>\n\t\t<meta property=\"og:description\" content=\"Laura und Friedrich aus Bauer sucht Frau feiern Jahrestag: Wie sie ihre Liebe monatelang geheim hielten \u2013 und wer Laura angeblich war.\" \/>\n\t\t<meta property=\"og:url\" content=\"https:\/\/farmersingles.de\/magazin\/bauer-sucht-frau\/bauer-sucht-frau-laura-und-friedrich-jahrestag\/\" \/>\n\t\t<meta property=\"og:image\" content=\"https:\/\/farmersingles.de\/magazin\/wp-content\/uploads\/cropped-JS-logo-Menu-orange-2.png\" \/>\n\t\t<meta property=\"og:image:secure_url\" content=\"https:\/\/farmersingles.de\/magazin\/wp-content\/uploads\/cropped-JS-logo-Menu-orange-2.png\" \/>\n\t\t<meta property=\"og:image:width\" content=\"240\" \/>\n\t\t<meta property=\"og:image:height\" content=\"240\" \/>\n\t\t<meta property=\"article:published_time\" content=\"2026-09-01T11:02:43+00:00\" \/>\n\t\t<meta property=\"article:modified_time\" content=\"2026-09-02T05:21:58+00:00\" \/>\n\t\t<meta property=\"article:publisher\" content=\"https:\/\/www.facebook.com\/Farmersingles.de\/?locale=de_DE\" \/>\n\t\t<meta property=\"article:author\" content=\"https:\/\/facebook.com\/thomashonold1\" \/>\n\t\t<script type=\"application\/ld+json\" class=\"aioseo-schema\">\n\t\t\t{\"@context\":\"https:\\\/\\\/schema.org\",\"@graph\":[{\"@type\":\"BreadcrumbList\",\"@id\":\"https:\\\/\\\/farmersingles.de\\\/magazin\\\/bauer-sucht-frau\\\/bauer-sucht-frau-laura-und-friedrich-jahrestag\\\/#breadcrumblist\",\"itemListElement\":[{\"@type\":\"ListItem\",\"@id\":\"https:\\\/\\\/farmersingles.de\\\/magazin#listItem\",\"position\":1,\"name\":\"Home\",\"item\":\"https:\\\/\\\/farmersingles.de\\\/magazin\",\"nextItem\":{\"@type\":\"ListItem\",\"@id\":\"https:\\\/\\\/farmersingles.de\\\/magazin\\\/kategorie\\\/bauer-sucht-frau\\\/#listItem\",\"name\":\"TV-News \\\"Bauer sucht Frau\\\"\"}},{\"@type\":\"ListItem\",\"@id\":\"https:\\\/\\\/farmersingles.de\\\/magazin\\\/kategorie\\\/bauer-sucht-frau\\\/#listItem\",\"position\":2,\"name\":\"TV-News \\\"Bauer sucht Frau\\\"\",\"item\":\"https:\\\/\\\/farmersingles.de\\\/magazin\\\/kategorie\\\/bauer-sucht-frau\\\/\",\"nextItem\":{\"@type\":\"ListItem\",\"@id\":\"https:\\\/\\\/farmersingles.de\\\/magazin\\\/bauer-sucht-frau\\\/bauer-sucht-frau-anna-gerald-heiser-paartherapie\\\/#listItem\",\"name\":\"Bauer sucht Frau: Anna und Gerald Heiser \\u2013 Paartherapie\"},\"previousItem\":{\"@type\":\"ListItem\",\"@id\":\"https:\\\/\\\/farmersingles.de\\\/magazin#listItem\",\"name\":\"Home\"}},{\"@type\":\"ListItem\",\"@id\":\"https:\\\/\\\/farmersingles.de\\\/magazin\\\/bauer-sucht-frau\\\/bauer-sucht-frau-anna-gerald-heiser-paartherapie\\\/#listItem\",\"position\":3,\"name\":\"Bauer sucht Frau: Anna und Gerald Heiser \\u2013 Paartherapie\",\"previousItem\":{\"@type\":\"ListItem\",\"@id\":\"https:\\\/\\\/farmersingles.de\\\/magazin\\\/kategorie\\\/bauer-sucht-frau\\\/#listItem\",\"name\":\"TV-News \\\"Bauer sucht Frau\\\"\"}}]},{\"@type\":\"NewsArticle\",\"@id\":\"https:\\\/\\\/farmersingles.de\\\/magazin\\\/bauer-sucht-frau\\\/bauer-sucht-frau-laura-und-friedrich-jahrestag\\\/#newsarticle\",\"name\":\"Bauer sucht Frau: Laura und Friedrich \\u2013 Liebe als Geheimnis\",\"headline\":\"Bauer sucht Frau: Laura und Friedrich \\u2013 Liebe als Geheimnis\",\"author\":{\"@id\":\"https:\\\/\\\/farmersingles.de\\\/magazin\\\/author\\\/tommy\\\/#author\"},\"publisher\":{\"@id\":\"https:\\\/\\\/farmersingles.de\\\/magazin\\\/#organization\"},\"image\":{\"@type\":\"ImageObject\",\"url\":\"https:\\\/\\\/farmersingles.de\\\/magazin\\\/wp-content\\\/uploads\\\/laura-wagner-friedrich-dieckmann-bauer-sucht-frau-jahrestag.jpg\",\"width\":1200,\"height\":780,\"caption\":\"Laura Wagner und Friedrich Dieckmann aus Bauer sucht Frau\"},\"datePublished\":\"2026-09-01T13:02:43+02:00\",\"dateModified\":\"2026-09-02T07:21:58+02:00\",\"inLanguage\":\"de-DE\",\"mainEntityOfPage\":{\"@id\":\"https:\\\/\\\/farmersingles.de\\\/magazin\\\/bauer-sucht-frau\\\/bauer-sucht-frau-laura-und-friedrich-jahrestag\\\/#webpage\"},\"isPartOf\":{\"@id\":\"https:\\\/\\\/farmersingles.de\\\/magazin\\\/bauer-sucht-frau\\\/bauer-sucht-frau-laura-und-friedrich-jahrestag\\\/#webpage\"},\"articleSection\":\"TV-News \\\"Bauer sucht Frau\\\", Bauer sucht Frau\",\"dateline\":\"Ver\\u00f6ffentlicht am September 1, 2026.\"},{\"@type\":\"Organization\",\"@id\":\"https:\\\/\\\/farmersingles.de\\\/magazin\\\/#organization\",\"name\":\"FarmerSingles.de\",\"description\":\"FarmerSingles.de ist die Singleb\\u00f6rse f\\u00fcr Landwirte und Singles vom Land. Im FarmerSingles Magazin findest du Tipps zur Partnersuche, Erfolgsgeschichten und News rund um Bauer sucht Frau.\",\"url\":\"https:\\\/\\\/farmersingles.de\\\/magazin\\\/\",\"email\":\"info@icony.com\",\"foundingDate\":\"2025-02-01\",\"numberOfEmployees\":{\"@type\":\"QuantitativeValue\",\"minValue\":0,\"maxValue\":10},\"logo\":{\"@type\":\"ImageObject\",\"url\":\"https:\\\/\\\/farmersingles.de\\\/magazin\\\/wp-content\\\/uploads\\\/farmersingles_logo_quadratisch.png\",\"@id\":\"https:\\\/\\\/farmersingles.de\\\/magazin\\\/bauer-sucht-frau\\\/bauer-sucht-frau-laura-und-friedrich-jahrestag\\\/#organizationLogo\",\"width\":1000,\"height\":1000,\"caption\":\"Logo Farmersingles Magazin Partnerusche, Love Storys und Bauer\"},\"image\":{\"@id\":\"https:\\\/\\\/farmersingles.de\\\/magazin\\\/bauer-sucht-frau\\\/bauer-sucht-frau-laura-und-friedrich-jahrestag\\\/#organizationLogo\"},\"sameAs\":[\"https:\\\/\\\/www.facebook.com\\\/Farmersingles.de\\\/?locale=de_DE\",\"https:\\\/\\\/www.youtube.com\\\/@JobSinglesDE\"],\"address\":{\"@id\":\"https:\\\/\\\/farmersingles.de\\\/magazin\\\/#postaladdress\",\"@type\":\"PostalAddress\",\"streetAddress\":\"Heinestra\\u00dfe 72\",\"postalCode\":\"72762\",\"addressLocality\":\"Reutlingen\",\"addressRegion\":\"Baden-W\\u00fcrttemberg\",\"addressCountry\":\"DE\"},\"vatID\":\"UStIdNr. DE307590617\"},{\"@type\":\"Person\",\"@id\":\"https:\\\/\\\/farmersingles.de\\\/magazin\\\/author\\\/tommy\\\/#author\",\"url\":\"https:\\\/\\\/farmersingles.de\\\/magazin\\\/author\\\/tommy\\\/\",\"name\":\"Tommy Honold\",\"image\":{\"@type\":\"ImageObject\",\"@id\":\"https:\\\/\\\/farmersingles.de\\\/magazin\\\/bauer-sucht-frau\\\/bauer-sucht-frau-laura-und-friedrich-jahrestag\\\/#authorImage\",\"url\":\"https:\\\/\\\/farmersingles.de\\\/magazin\\\/wp-content\\\/uploads\\\/tommy_honold.jpg\",\"width\":1200,\"height\":1600},\"sameAs\":[\"https:\\\/\\\/facebook.com\\\/thomashonold1\"],\"description\":\"Tommy Honold: Vom K\\u00fcchenmeister zum Content Creator - Ein Lebenslauf mit W\\u00fcrze Tommy Honold, Jahrgang '77, ist ein Tausendsassa mit einer ungew\\u00f6hnlichen Karriere. Vom \\\"commis de cuisine\\\" in der \\\"Mettnaustube\\\" (kein Witz, so hie\\u00df das Restaurant wirklich!) \\u00fcber den Meisterkoch bis hin zum Gesch\\u00e4ftsf\\u00fchrer von AUSGZEICHNET.ORG\\u2013 Thomas hat schon einiges hinter sich. Sogar bei der Marine hat er als Koch gearbeitet! Doch Thomas ruhte sich nicht auf seinen Lorbeeren aus. Neben seiner Leidenschaft f\\u00fcrs Kochen entdeckte er sein Talent als Unternehmer und gr\\u00fcndete das Datingportal \\\"Jobsingles\\\" dazu geh\\u00f6rt auch Farmersingles.de und Singlebuure.ch und zig andere Domains- Und jetzt? Jetzt erobert er die digitale Welt als Content Creator! Mit seinem spritzigen Humor und seinen vielf\\u00e4ltigen Erfahrungen bringt er frischen Wind in die Social-Media-Landschaft. Ob er wohl auch Kochvideos macht? Man darf gespannt sein!!\",\"jobTitle\":\"Redakteur\",\"alumniOf\":[{\"@type\":\"EducationalOrganization\",\"name\":\"Farmersingles.de\",\"sameAs\":\"https:\\\/\\\/farmersingles.de\\\/magazin\"},{\"@type\":\"EducationalOrganization\",\"name\":\"Jobsingles.de\",\"sameAs\":\"https:\\\/\\\/jobsingles.de\\\/\"},{\"@type\":\"EducationalOrganization\",\"name\":\"Singlebuure.ch\",\"sameAs\":\"https:\\\/\\\/singlebuure.ch\\\/\"}],\"knowsAbout\":[{\"@type\":\"Thing\",\"name\":\"Bauer Sucht Frau\",\"url\":\"https:\\\/\\\/www.rtl.de\\\/sendungen\\\/bauer-sucht-frau\\\/\"},{\"@type\":\"Thing\",\"name\":\"Partnersuche in der Landwirtschaft\",\"url\":\"https:\\\/\\\/farmersingles.de\\\/magazin\\\/\",\"sameAs\":[\"https:\\\/\\\/farmersingles.de\\\/\"]},{\"@type\":\"Thing\",\"name\":\"Online Partnersuche\",\"url\":\"https:\\\/\\\/jobsingles.de\\\/magazin\\\/\",\"sameAs\":[\"https:\\\/\\\/jobsingles.de\\\/\"]}],\"award\":[\"School of LIfe\"],\"knowsLanguage\":[\"Eglisch\",\"Deutsch\",\"Franz\\u00f6sisch\"]},{\"@type\":\"WebPage\",\"@id\":\"https:\\\/\\\/farmersingles.de\\\/magazin\\\/bauer-sucht-frau\\\/bauer-sucht-frau-laura-und-friedrich-jahrestag\\\/#webpage\",\"url\":\"https:\\\/\\\/farmersingles.de\\\/magazin\\\/bauer-sucht-frau\\\/bauer-sucht-frau-laura-und-friedrich-jahrestag\\\/\",\"name\":\"Bauer sucht Frau: Laura und Friedrich \\u2013 Liebe als Geheimnis\",\"description\":\"Laura und Friedrich aus Bauer sucht Frau feiern Jahrestag: Wie sie ihre Liebe monatelang geheim hielten \\u2013 und wer Laura angeblich war.\",\"inLanguage\":\"de-DE\",\"isPartOf\":{\"@id\":\"https:\\\/\\\/farmersingles.de\\\/magazin\\\/#website\"},\"breadcrumb\":{\"@id\":\"https:\\\/\\\/farmersingles.de\\\/magazin\\\/bauer-sucht-frau\\\/bauer-sucht-frau-laura-und-friedrich-jahrestag\\\/#breadcrumblist\"},\"author\":{\"@id\":\"https:\\\/\\\/farmersingles.de\\\/magazin\\\/author\\\/tommy\\\/#author\"},\"creator\":{\"@id\":\"https:\\\/\\\/farmersingles.de\\\/magazin\\\/author\\\/tommy\\\/#author\"},\"image\":{\"@type\":\"ImageObject\",\"url\":\"https:\\\/\\\/farmersingles.de\\\/magazin\\\/wp-content\\\/uploads\\\/laura-wagner-friedrich-dieckmann-bauer-sucht-frau-jahrestag.jpg\",\"@id\":\"https:\\\/\\\/farmersingles.de\\\/magazin\\\/bauer-sucht-frau\\\/bauer-sucht-frau-laura-und-friedrich-jahrestag\\\/#mainImage\",\"width\":1200,\"height\":780,\"caption\":\"Laura Wagner und Friedrich Dieckmann aus Bauer sucht Frau\"},\"primaryImageOfPage\":{\"@id\":\"https:\\\/\\\/farmersingles.de\\\/magazin\\\/bauer-sucht-frau\\\/bauer-sucht-frau-laura-und-friedrich-jahrestag\\\/#mainImage\"},\"datePublished\":\"2026-09-01T13:02:43+02:00\",\"dateModified\":\"2026-09-02T07:21:58+02:00\"},{\"@type\":\"WebSite\",\"@id\":\"https:\\\/\\\/farmersingles.de\\\/magazin\\\/#website\",\"url\":\"https:\\\/\\\/farmersingles.de\\\/magazin\\\/\",\"name\":\"FarmerSingles MAGAZIN\",\"alternateName\":\"TIPPS Partnersuche f\\u00fcr Landwirte und Singles vom Land\",\"description\":\"TIPPS F\\u00dcR SINGLES vom Land & BAUER SUCHT FRAU\",\"inLanguage\":\"de-DE\",\"publisher\":{\"@id\":\"https:\\\/\\\/farmersingles.de\\\/magazin\\\/#organization\"}}]}\n\t\t<\/script>\n\t\t<!-- All in One SEO Pro -->\r\n\t\t<title>Bauer sucht Frau: Laura und Friedrich \u2013 Liebe als Geheimnis<\/title>\n\n","aioseo_head_json":{"title":"Bauer sucht Frau: Laura und Friedrich \u2013 Liebe als Geheimnis","description":"Laura und Friedrich aus Bauer sucht Frau feiern Jahrestag: Wie sie ihre Liebe monatelang geheim hielten \u2013 und wer Laura angeblich war.","canonical_url":"https:\/\/farmersingles.de\/magazin\/bauer-sucht-frau\/bauer-sucht-frau-laura-und-friedrich-jahrestag\/","robots":"max-image-preview:large","keywords":"","webmasterTools":{"google-site-verification":"KEZ3cDM2NkJxOFs8eZsgARzq_2phF3da5NW-9GPDAEk","p:domain_verify":"0cc3c227a37cb21099f62c20f8ad6f6d","miscellaneous":""},"schema":{"@context":"https:\/\/schema.org","@graph":[{"@type":"BreadcrumbList","@id":"https:\/\/farmersingles.de\/magazin\/bauer-sucht-frau\/bauer-sucht-frau-laura-und-friedrich-jahrestag\/#breadcrumblist","itemListElement":[{"@type":"ListItem","@id":"https:\/\/farmersingles.de\/magazin#listItem","position":1,"name":"Home","item":"https:\/\/farmersingles.de\/magazin","nextItem":{"@type":"ListItem","@id":"https:\/\/farmersingles.de\/magazin\/kategorie\/bauer-sucht-frau\/#listItem","name":"TV-News \"Bauer sucht Frau\""}},{"@type":"ListItem","@id":"https:\/\/farmersingles.de\/magazin\/kategorie\/bauer-sucht-frau\/#listItem","position":2,"name":"TV-News \"Bauer sucht Frau\"","item":"https:\/\/farmersingles.de\/magazin\/kategorie\/bauer-sucht-frau\/","nextItem":{"@type":"ListItem","@id":"https:\/\/farmersingles.de\/magazin\/bauer-sucht-frau\/bauer-sucht-frau-anna-gerald-heiser-paartherapie\/#listItem","name":"Bauer sucht Frau: Anna und Gerald Heiser \u2013 Paartherapie"},"previousItem":{"@type":"ListItem","@id":"https:\/\/farmersingles.de\/magazin#listItem","name":"Home"}},{"@type":"ListItem","@id":"https:\/\/farmersingles.de\/magazin\/bauer-sucht-frau\/bauer-sucht-frau-anna-gerald-heiser-paartherapie\/#listItem","position":3,"name":"Bauer sucht Frau: Anna und Gerald Heiser \u2013 Paartherapie","previousItem":{"@type":"ListItem","@id":"https:\/\/farmersingles.de\/magazin\/kategorie\/bauer-sucht-frau\/#listItem","name":"TV-News \"Bauer sucht Frau\""}}]},{"@type":"NewsArticle","@id":"https:\/\/farmersingles.de\/magazin\/bauer-sucht-frau\/bauer-sucht-frau-laura-und-friedrich-jahrestag\/#newsarticle","name":"Bauer sucht Frau: Laura und Friedrich \u2013 Liebe als Geheimnis","headline":"Bauer sucht Frau: Laura und Friedrich \u2013 Liebe als Geheimnis","author":{"@id":"https:\/\/farmersingles.de\/magazin\/author\/tommy\/#author"},"publisher":{"@id":"https:\/\/farmersingles.de\/magazin\/#organization"},"image":{"@type":"ImageObject","url":"https:\/\/farmersingles.de\/magazin\/wp-content\/uploads\/laura-wagner-friedrich-dieckmann-bauer-sucht-frau-jahrestag.jpg","width":1200,"height":780,"caption":"Laura Wagner und Friedrich Dieckmann aus Bauer sucht Frau"},"datePublished":"2026-09-01T13:02:43+02:00","dateModified":"2026-09-02T07:21:58+02:00","inLanguage":"de-DE","mainEntityOfPage":{"@id":"https:\/\/farmersingles.de\/magazin\/bauer-sucht-frau\/bauer-sucht-frau-laura-und-friedrich-jahrestag\/#webpage"},"isPartOf":{"@id":"https:\/\/farmersingles.de\/magazin\/bauer-sucht-frau\/bauer-sucht-frau-laura-und-friedrich-jahrestag\/#webpage"},"articleSection":"TV-News \"Bauer sucht Frau\", Bauer sucht Frau","dateline":"Ver\u00f6ffentlicht am September 1, 2026."},{"@type":"Organization","@id":"https:\/\/farmersingles.de\/magazin\/#organization","name":"FarmerSingles.de","description":"FarmerSingles.de ist die Singleb\u00f6rse f\u00fcr Landwirte und Singles vom Land. Im FarmerSingles Magazin findest du Tipps zur Partnersuche, Erfolgsgeschichten und News rund um Bauer sucht Frau.","url":"https:\/\/farmersingles.de\/magazin\/","email":"info@icony.com","foundingDate":"2025-02-01","numberOfEmployees":{"@type":"QuantitativeValue","minValue":0,"maxValue":10},"logo":{"@type":"ImageObject","url":"https:\/\/farmersingles.de\/magazin\/wp-content\/uploads\/farmersingles_logo_quadratisch.png","@id":"https:\/\/farmersingles.de\/magazin\/bauer-sucht-frau\/bauer-sucht-frau-laura-und-friedrich-jahrestag\/#organizationLogo","width":1000,"height":1000,"caption":"Logo Farmersingles Magazin Partnerusche, Love Storys und Bauer"},"image":{"@id":"https:\/\/farmersingles.de\/magazin\/bauer-sucht-frau\/bauer-sucht-frau-laura-und-friedrich-jahrestag\/#organizationLogo"},"sameAs":["https:\/\/www.facebook.com\/Farmersingles.de\/?locale=de_DE","https:\/\/www.youtube.com\/@JobSinglesDE"],"address":{"@id":"https:\/\/farmersingles.de\/magazin\/#postaladdress","@type":"PostalAddress","streetAddress":"Heinestra\u00dfe 72","postalCode":"72762","addressLocality":"Reutlingen","addressRegion":"Baden-W\u00fcrttemberg","addressCountry":"DE"},"vatID":"UStIdNr. DE307590617"},{"@type":"Person","@id":"https:\/\/farmersingles.de\/magazin\/author\/tommy\/#author","url":"https:\/\/farmersingles.de\/magazin\/author\/tommy\/","name":"Tommy Honold","image":{"@type":"ImageObject","@id":"https:\/\/farmersingles.de\/magazin\/bauer-sucht-frau\/bauer-sucht-frau-laura-und-friedrich-jahrestag\/#authorImage","url":"https:\/\/farmersingles.de\/magazin\/wp-content\/uploads\/tommy_honold.jpg","width":1200,"height":1600},"sameAs":["https:\/\/facebook.com\/thomashonold1"],"description":"Tommy Honold: Vom K\u00fcchenmeister zum Content Creator - Ein Lebenslauf mit W\u00fcrze Tommy Honold, Jahrgang '77, ist ein Tausendsassa mit einer ungew\u00f6hnlichen Karriere. Vom \"commis de cuisine\" in der \"Mettnaustube\" (kein Witz, so hie\u00df das Restaurant wirklich!) \u00fcber den Meisterkoch bis hin zum Gesch\u00e4ftsf\u00fchrer von AUSGZEICHNET.ORG\u2013 Thomas hat schon einiges hinter sich. Sogar bei der Marine hat er als Koch gearbeitet! Doch Thomas ruhte sich nicht auf seinen Lorbeeren aus. Neben seiner Leidenschaft f\u00fcrs Kochen entdeckte er sein Talent als Unternehmer und gr\u00fcndete das Datingportal \"Jobsingles\" dazu geh\u00f6rt auch Farmersingles.de und Singlebuure.ch und zig andere Domains- Und jetzt? Jetzt erobert er die digitale Welt als Content Creator! Mit seinem spritzigen Humor und seinen vielf\u00e4ltigen Erfahrungen bringt er frischen Wind in die Social-Media-Landschaft. Ob er wohl auch Kochvideos macht? Man darf gespannt sein!!","jobTitle":"Redakteur","alumniOf":[{"@type":"EducationalOrganization","name":"Farmersingles.de","sameAs":"https:\/\/farmersingles.de\/magazin"},{"@type":"EducationalOrganization","name":"Jobsingles.de","sameAs":"https:\/\/jobsingles.de\/"},{"@type":"EducationalOrganization","name":"Singlebuure.ch","sameAs":"https:\/\/singlebuure.ch\/"}],"knowsAbout":[{"@type":"Thing","name":"Bauer Sucht Frau","url":"https:\/\/www.rtl.de\/sendungen\/bauer-sucht-frau\/"},{"@type":"Thing","name":"Partnersuche in der Landwirtschaft","url":"https:\/\/farmersingles.de\/magazin\/","sameAs":["https:\/\/farmersingles.de\/"]},{"@type":"Thing","name":"Online Partnersuche","url":"https:\/\/jobsingles.de\/magazin\/","sameAs":["https:\/\/jobsingles.de\/"]}],"award":["School of LIfe"],"knowsLanguage":["Eglisch","Deutsch","Franz\u00f6sisch"]},{"@type":"WebPage","@id":"https:\/\/farmersingles.de\/magazin\/bauer-sucht-frau\/bauer-sucht-frau-laura-und-friedrich-jahrestag\/#webpage","url":"https:\/\/farmersingles.de\/magazin\/bauer-sucht-frau\/bauer-sucht-frau-laura-und-friedrich-jahrestag\/","name":"Bauer sucht Frau: Laura und Friedrich \u2013 Liebe als Geheimnis","description":"Laura und Friedrich aus Bauer sucht Frau feiern Jahrestag: Wie sie ihre Liebe monatelang geheim hielten \u2013 und wer Laura angeblich war.","inLanguage":"de-DE","isPartOf":{"@id":"https:\/\/farmersingles.de\/magazin\/#website"},"breadcrumb":{"@id":"https:\/\/farmersingles.de\/magazin\/bauer-sucht-frau\/bauer-sucht-frau-laura-und-friedrich-jahrestag\/#breadcrumblist"},"author":{"@id":"https:\/\/farmersingles.de\/magazin\/author\/tommy\/#author"},"creator":{"@id":"https:\/\/farmersingles.de\/magazin\/author\/tommy\/#author"},"image":{"@type":"ImageObject","url":"https:\/\/farmersingles.de\/magazin\/wp-content\/uploads\/laura-wagner-friedrich-dieckmann-bauer-sucht-frau-jahrestag.jpg","@id":"https:\/\/farmersingles.de\/magazin\/bauer-sucht-frau\/bauer-sucht-frau-laura-und-friedrich-jahrestag\/#mainImage","width":1200,"height":780,"caption":"Laura Wagner und Friedrich Dieckmann aus Bauer sucht Frau"},"primaryImageOfPage":{"@id":"https:\/\/farmersingles.de\/magazin\/bauer-sucht-frau\/bauer-sucht-frau-laura-und-friedrich-jahrestag\/#mainImage"},"datePublished":"2026-09-01T13:02:43+02:00","dateModified":"2026-09-02T07:21:58+02:00"},{"@type":"WebSite","@id":"https:\/\/farmersingles.de\/magazin\/#website","url":"https:\/\/farmersingles.de\/magazin\/","name":"FarmerSingles MAGAZIN","alternateName":"TIPPS Partnersuche f\u00fcr Landwirte und Singles vom Land","description":"TIPPS F\u00dcR SINGLES vom Land & BAUER SUCHT FRAU","inLanguage":"de-DE","publisher":{"@id":"https:\/\/farmersingles.de\/magazin\/#organization"}}]},"og:locale":"de_DE","og:site_name":"FarmerSingles MAGAZIN | TIPPS F\u00dcR SINGLES vom Land &amp; BAUER SUCHT FRAU","og:type":"article","og:title":"Bauer sucht Frau: Laura und Friedrich \u2013 Liebe als Geheimnis","og:description":"Laura und Friedrich aus Bauer sucht Frau feiern Jahrestag: Wie sie ihre Liebe monatelang geheim hielten \u2013 und wer Laura angeblich war.","og:url":"https:\/\/farmersingles.de\/magazin\/bauer-sucht-frau\/bauer-sucht-frau-laura-und-friedrich-jahrestag\/","og:image":"https:\/\/farmersingles.de\/magazin\/wp-content\/uploads\/cropped-JS-logo-Menu-orange-2.png","og:image:secure_url":"https:\/\/farmersingles.de\/magazin\/wp-content\/uploads\/cropped-JS-logo-Menu-orange-2.png","og:image:width":240,"og:image:height":240,"article:published_time":"2026-09-01T11:02:43+00:00","article:modified_time":"2026-09-02T05:21:58+00:00","article:publisher":"https:\/\/www.facebook.com\/Farmersingles.de\/?locale=de_DE","article:author":"https:\/\/facebook.com\/thomashonold1"},"aioseo_meta_data":{"post_id":"10698","title":"Bauer sucht Frau: Anna und Gerald Heiser \u2013 Paartherapie","description":"Anna und Gerald Heiser k\u00e4mpfen in der Paartherapie f\u00fcr ihre Ehe. Nach der zweiten Sitzung sieht Anna Heiser erste Hoffnung.","keywords":null,"keyphrases":{"focus":{"keyphrase":"Anna und Gerald Heiser","score":0,"analysis":[]},"additional":[]},"primary_term":null,"canonical_url":null,"og_title":null,"og_description":null,"og_object_type":"default","og_image_type":"default","og_image_url":null,"og_image_width":null,"og_image_height":null,"og_image_custom_url":null,"og_image_custom_fields":null,"og_video":null,"og_custom_url":null,"og_article_section":null,"og_article_tags":null,"twitter_use_og":false,"twitter_card":"default","twitter_image_type":"default","twitter_image_url":null,"twitter_image_custom_url":null,"twitter_image_custom_fields":null,"twitter_title":null,"twitter_description":null,"schema":{"blockGraphs":[],"customGraphs":[],"default":{"data":{"Article":[],"Course":[],"Dataset":[],"FAQPage":[],"Movie":[],"Person":[],"Product":[],"ProductReview":[],"Car":[],"Recipe":[],"Service":[],"SoftwareApplication":[],"WebPage":[]},"graphName":"","isEnabled":true},"graphs":[]},"schema_type":"default","schema_type_options":null,"pillar_content":false,"robots_default":true,"robots_noindex":false,"robots_noarchive":false,"robots_nosnippet":false,"robots_nofollow":false,"robots_noimageindex":false,"robots_noodp":false,"robots_notranslate":false,"robots_max_snippet":null,"robots_max_videopreview":null,"robots_max_imagepreview":"large","priority":null,"frequency":null,"location":null,"local_seo":null,"seo_analyzer_scan_date":"2026-09-01 16:04:26","breadcrumb_settings":null,"limit_modified_date":false,"reviewed_by":null,"open_ai":null,"ai":null,"created":"2026-09-01 05:11:09","updated":"2026-09-01 16:04:26","focus_keyword":"Anna und Gerald Heiser","additional_keywords":null,"truseo_locale":null},"aioseo_breadcrumb":"<div class=\"aioseo-breadcrumbs\"><span class=\"aioseo-breadcrumb\">\n\t<a href=\"https:\/\/farmersingles.de\/magazin\" title=\"Home\">Home<\/a>\n<\/span><span class=\"aioseo-breadcrumb-separator\">\u00bb<\/span><span class=\"aioseo-breadcrumb\">\n\t<a href=\"https:\/\/farmersingles.de\/magazin\/kategorie\/bauer-sucht-frau\/\" title=\"TV-News\">TV-News \"Bauer sucht Frau\"<\/a>\n<\/span><span class=\"aioseo-breadcrumb-separator\">\u00bb<\/span><span class=\"aioseo-breadcrumb\">\n\tBauer sucht Frau: Anna und Gerald Heiser \u2013 Paartherapie\n<\/span><\/div>","aioseo_breadcrumb_json":[{"label":"Home","link":"https:\/\/farmersingles.de\/magazin"},{"label":"TV-News \"Bauer sucht Frau\"","link":"https:\/\/farmersingles.de\/magazin\/kategorie\/bauer-sucht-frau\/"},{"label":"Bauer sucht Frau: Anna und Gerald Heiser \u2013 Paartherapie","link":"https:\/\/farmersingles.de\/magazin\/bauer-sucht-frau\/bauer-sucht-frau-anna-gerald-heiser-paartherapie\/"}],"_links":{"self":[{"href":"https:\/\/farmersingles.de\/magazin\/wp-json\/wp\/v2\/posts\/10698","targetHints":{"allow":["GET"]}}],"collection":[{"href":"https:\/\/farmersingles.de\/magazin\/wp-json\/wp\/v2\/posts"}],"about":[{"href":"https:\/\/farmersingles.de\/magazin\/wp-json\/wp\/v2\/types\/post"}],"author":[{"embeddable":true,"href":"https:\/\/farmersingles.de\/magazin\/wp-json\/wp\/v2\/users\/3"}],"replies":[{"embeddable":true,"href":"https:\/\/farmersingles.de\/magazin\/wp-json\/wp\/v2\/comments?post=10698"}],"version-history":[{"count":0,"href":"https:\/\/farmersingles.de\/magazin\/wp-json\/wp\/v2\/posts\/10698\/revisions"}],"wp:featuredmedia":[{"embeddable":true,"href":"https:\/\/farmersingles.de\/magazin\/wp-json\/wp\/v2\/media\/10696"}],"wp:attachment":[{"href":"https:\/\/farmersingles.de\/magazin\/wp-json\/wp\/v2\/media?parent=10698"}],"wp:term":[{"taxonomy":"category","embeddable":true,"href":"https:\/\/farmersingles.de\/magazin\/wp-json\/wp\/v2\/categories?post=10698"},{"taxonomy":"post_tag","embeddable":true,"href":"https:\/\/farmersingles.de\/magazin\/wp-json\/wp\/v2\/tags?post=10698"}],"curies":[{"name":"wp","href":"https:\/\/api.w.org\/{rel}","templated":true}]}}