{"id":10737,"date":"2026-09-03T13:02:31","date_gmt":"2026-09-03T11:02:31","guid":{"rendered":"https:\/\/farmersingles.de\/magazin\/?p=10737"},"modified":"2026-09-03T13:02:31","modified_gmt":"2026-09-03T11:02:31","slug":"bauer-sucht-frau-anna-heiser-traenen-danzig","status":"publish","type":"post","link":"https:\/\/farmersingles.de\/magazin\/bauer-sucht-frau\/bauer-sucht-frau-anna-heiser-traenen-danzig\/","title":{"rendered":"Bauer sucht Frau: Anna Heiser k\u00e4mpft mit Tr\u00e4nen in Danzig"},"content":{"rendered":"<p>Foto: RTL<\/p>\n<p><em>Anna Heiser aus Bauer sucht Frau steht mit Sohn Leon auf den Stra\u00dfen Danzigs \u2013 und findet pl\u00f6tzlich keine Worte mehr.<\/em><\/p>\n\n<div class=\"callout-box\">\n<p><strong>&#x1f4cc; Das Wichtigste auf einen Blick<\/strong><\/p>\n<ul>\n<li><strong>Anna Heiser k\u00e4mpft am 1. September in Danzig mit den Tr\u00e4nen<\/strong><\/li>\n<li><strong>Sohn Leon fragt: \u201eMama, warum fahren die Stra\u00dfenbahnen mit polnischen Flaggen?&#8220;<\/strong><\/li>\n<li><strong>Anna und Gerald Heiser leben seit 2025 mit Kindern Leon und Alina in Polen<\/strong><\/li>\n<\/ul>\n<\/div>\n\n<h2><a href=\"https:\/\/farmersingles.de\/magazin\/kategorie\/bauer-sucht-frau\/\">Bauer sucht Frau<\/a>: Anna Heiser \u2013 Tr\u00e4nen in der Danziger Altstadt<\/h2>\n<p>Der 1. September ist in Polen kein gew\u00f6hnlicher Tag. Er markiert den <strong>87. Jahrestag des deutschen \u00dcberfalls auf Polen im Jahr 1939<\/strong> \u2013 den Beginn des Zweiten Weltkriegs. F\u00fcr Anna Heiser, geb\u00fcrtige Polin und seit 2017 durch Bauer sucht Frau bekannt, war dieser Tag 2026 besonders schwer. Auf dem Weg durch die <strong>Danziger Altstadt<\/strong> fragte Sohn Leon von der R\u00fcckbank: \u201eMama, warum fahren heute die Stra\u00dfenbahnen mit polnischen Flaggen?&#8220; Die Antwort lie\u00df Anna Heiser die Stimme wegbrechen.<\/p>\n\n<div class=\"related-post\" style=\"border-top: 1px solid #ccc; border-bottom: 1px solid #ccc; padding: 10px 0;\">        <div style=\"display: flex; align-items: center; margin-bottom: 10px;\"> \r\n          <a href=\"https:\/\/farmersingles.de\/magazin\/bauer-sucht-frau\/bauer-sucht-frau-katarina-und-andreas-neuanfang\/\">\r\n                          <div class=\"related-post-thumbnail\" style=\"width: 75px; height: 75px; margin-right: 10px;\"> \r\n                <img decoding=\"async\" width=\"150\" height=\"150\" src=\"https:\/\/farmersingles.de\/magazin\/wp-content\/uploads\/katarina-andreas-bauer-sucht-frau-international-150x150.jpg\" class=\"attachment-thumbnail size-thumbnail wp-post-image\" alt=\"Katarina und Andreas aus Bauer sucht Frau International\" \/>              <\/div>\r\n                      <\/a>\r\n          <a href=\"https:\/\/farmersingles.de\/magazin\/bauer-sucht-frau\/bauer-sucht-frau-katarina-und-andreas-neuanfang\/\" style=\"word-break: break-word; max-width: 70%; font-weight: bold; text-transform: uppercase;\"> \r\n            Bauer sucht Frau: Katarina und Andreas \u2013 Ende und Neuanfang          <\/a>\r\n        <\/div>\r\n      <\/div>\n\n\n<h3>Bauer sucht Frau: Anna Heiser \u2013 Die Frage, die alles stoppt<\/h3>\n<p>\u201eAlso wirklich sterben, Mama?&#8220;, fragte Leon \u2013 und Anna Heiser schrieb auf Instagram, dass sie in diesem Moment <strong>keine Worte fand<\/strong>. Sie schrieb: ihre Stimme zittere, w\u00e4hrend sie versuche, die richtigen Worte zu finden. Der Post ber\u00fchrte ihre knapp <strong>300.000 Instagram-Follower<\/strong> tief. F\u00fcr Anna, als geb\u00fcrtige Polin, ist diese Geschichte kein Schulbuch-Kapitel \u2013 sondern die Geschichte ihrer Heimat. Bauer sucht Frau hat sie einst nach Namibia gebracht. Jetzt bringt sie dieselbe Ehrlichkeit nach Danzig.<\/p>\n\n<p>Bauer sucht Frau Fans kennen Anna Heiser als jemanden, der auf Instagram kein Blatt vor den Mund nimmt \u2013 egal ob es um <a href=\"https:\/\/farmersingles.de\/magazin\/bauer-sucht-frau\/bauer-sucht-frau-anna-gerald-heiser-paartherapie\/\">Eheprobleme mit Gerald<\/a> oder Erziehungsfragen geht. Dieser Post war anders. Keine Ironie, keine leichten Worte. Nur ein Moment, der sa\u00df.<\/p>\n\n<iframe src=\"https:\/\/js.icony.com\/frame\/?w=300&h=300&t=4&pc=429A45&id=farmersingles&aid=farmersinglesmagazin\"\r\n  title=\"Finde jetzt Deinen Landwirtflirt \u2013 kostenlos anmelden\" loading=\"lazy\"\r\n  style=\"width:300px;max-width:100%;height:300px;border:0;display:block;margin:24px auto;\"><\/iframe>\r\n\n\n\n<h3>Bauer sucht Frau: Anna und Gerald Heiser \u2013 Neustart in der Heimat<\/h3>\n<p>2017 lernten <strong>Anna und Gerald Heiser<\/strong> sich bei Bauer sucht Frau kennen. Sie folgte ihm nach Namibia, heiratete ihn, gr\u00fcndete mit ihm eine Familie. Doch wirtschaftliche Schwierigkeiten zwangen Anna und Gerald Heiser 2025, die Farm schweren Herzens zu verkaufen. Seitdem leben die beiden mit den gemeinsamen Kindern Leon und Alina in <strong>Polen \u2013 in Annas Heimat<\/strong>. Ihr Traumhaus haben sie inzwischen gefunden. Der Alltag im neuen Land beginnt sich zu formen. Und manchmal bringt dieser Alltag Fragen, f\u00fcr die es keine einfachen Antworten gibt. Das hat Bauer sucht Frau nie gezeigt \u2013 aber Anna Heiser zeigt es t\u00e4glich auf Instagram.<\/p>\n\n<div class=\"related-posts\" style=\"border-top: 1px solid #ccc; border-bottom: 1px solid #ccc; padding: 10px 0;\">        <div style=\"display: flex; align-items: center; margin-bottom: 10px;\"> \r\n          <a href=\"https:\/\/farmersingles.de\/magazin\/bauer-sucht-frau\/bauer-sucht-frau-international-anastasia-namibia\/\">\r\n                          <div class=\"related-post-thumbnail\" style=\"width: 75px; height: 75px; margin-right: 10px;\"> \r\n                <img decoding=\"async\" width=\"150\" height=\"150\" src=\"https:\/\/farmersingles.de\/magazin\/wp-content\/uploads\/anastasia-bsf-international-namibia-150x150.webp\" class=\"attachment-thumbnail size-thumbnail wp-post-image\" alt=\"Anastasia aus Namibia \u2013 Kandidatin bei Bauer sucht Frau International\" srcset=\"https:\/\/farmersingles.de\/magazin\/wp-content\/uploads\/anastasia-bsf-international-namibia-150x150.webp 150w, https:\/\/farmersingles.de\/magazin\/wp-content\/uploads\/anastasia-bsf-international-namibia-300x300.webp 300w, https:\/\/farmersingles.de\/magazin\/wp-content\/uploads\/anastasia-bsf-international-namibia-1024x1024.webp 1024w, https:\/\/farmersingles.de\/magazin\/wp-content\/uploads\/anastasia-bsf-international-namibia-768x768.webp 768w, https:\/\/farmersingles.de\/magazin\/wp-content\/uploads\/anastasia-bsf-international-namibia.webp 1200w\" sizes=\"(max-width: 150px) 100vw, 150px\" \/>              <\/div>\r\n                      <\/a>\r\n          <a href=\"https:\/\/farmersingles.de\/magazin\/bauer-sucht-frau\/bauer-sucht-frau-international-anastasia-namibia\/\" style=\"word-break: break-word; max-width: 70%; font-weight: bold; text-transform: uppercase;\"> \r\n            Bauer sucht Frau International: Anastasia aus Namibia          <\/a>\r\n        <\/div>\r\n      <\/div>\n\n\n<ul>\n<li><strong>Anna Heiser (36) erinnert am 1. September in Danzig an den Kriegsbeginn 1939<\/strong><\/li>\n<li><strong>Sohn Leon fragte nach der Bedeutung der polnischen Flaggen an den Stra\u00dfenbahnen<\/strong><\/li>\n<li><strong>Anna Heiser: Ihre Stimme zitterte, w\u00e4hrend sie versuche, die richtigen Worte zu finden<\/strong><\/li>\n<li><strong>Anna und Gerald Heiser leben seit 2025 mit Kindern in Polen \u2013 Farm in Namibia verkauft<\/strong><\/li>\n<li><strong>Knapp 300.000 Instagram-Follower reagieren auf den emotionalen Post<\/strong><\/li>\n<\/ul>\n\n<p style=\"text-align:center\"><a class=\"cta-button\" style=\"background:#429A45\" href=\"https:\/\/farmersingles.de\/?AID=FarmersinglesMagazin\" rel=\"nofollow\">Jetzt kostenfrei auf Farmersingles registrieren<\/a><\/p>\n\n<p>Auch Katarina aus Bauer sucht Frau International <a href=\"https:\/\/farmersingles.de\/magazin\/bauer-sucht-frau\/bauer-sucht-frau-katarina-und-andreas-neuanfang\/\">zeigt gerade, wie das Leben nach der Sendung neue Wege geht<\/a>.<\/p>\n\n<div class=\"faq-section\" style=\"margin:32px 0;\">\n<h2>H\u00e4ufige Fragen zu Anna Heiser und dem 1. September<\/h2>\n<details style=\"border-bottom:1px solid #e0e0e0; margin-bottom:12px; padding-bottom:12px;\">\n<summary style=\"font-weight:bold; font-size:16px; cursor:pointer; padding:8px 0;\">Warum k\u00e4mpft Anna Heiser aus Bauer sucht Frau mit den Tr\u00e4nen?<\/summary>\n<p style=\"padding:8px 0 0 0; color:#444;\">Anna Heiser erkl\u00e4rte ihrem Sohn Leon in der Danziger Altstadt, was der 1. September bedeutet \u2013 der 87. Jahrestag des Beginns des Zweiten Weltkriegs 1939. Beim Versuch, die richtigen Worte zu finden, kamen ihr die Tr\u00e4nen.<\/p>\n<\/details>\n<details style=\"border-bottom:1px solid #e0e0e0; margin-bottom:12px; padding-bottom:12px;\">\n<summary style=\"font-weight:bold; font-size:16px; cursor:pointer; padding:8px 0;\">Wo leben Anna und Gerald Heiser jetzt?<\/summary>\n<p style=\"padding:8px 0 0 0; color:#444;\">Anna und Gerald Heiser leben seit 2025 in Polen \u2013 in Annas Heimatland. Nachdem wirtschaftliche Schwierigkeiten sie zur Aufgabe der Farm in Namibia zwangen, zogen sie mit den Kindern Leon und Alina nach Polen. Inzwischen haben Anna und Gerald Heiser dort ihr Traumhaus gefunden.<\/p>\n<\/details>\n<details style=\"border-bottom:1px solid #e0e0e0; margin-bottom:12px; padding-bottom:12px;\">\n<summary style=\"font-weight:bold; font-size:16px; cursor:pointer; padding:8px 0;\">Wie viele Instagram-Follower hat Anna Heiser aus Bauer sucht Frau?<\/summary>\n<p style=\"padding:8px 0 0 0; color:#444;\">Anna Heiser aus Bauer sucht Frau hat knapp 300.000 Follower auf Instagram. Sie teilt dort regelm\u00e4\u00dfig Einblicke in das Familienleben mit Gerald, Leon und Alina \u2013 inklusive schwieriger Momente wie diesem emotionalen Post vom 1. September in Danzig.<\/p>\n<\/details>\n<\/div>\n\n<script type=\"application\/ld+json\">{\"@context\":\"https:\/\/schema.org\",\"@type\":\"FAQPage\",\"mainEntity\":[{\"@type\":\"Question\",\"name\":\"Warum k\u00e4mpft Anna Heiser aus Bauer sucht Frau mit den Tr\u00e4nen?\",\"acceptedAnswer\":{\"@type\":\"Answer\",\"text\":\"Anna Heiser erkl\u00e4rte ihrem Sohn Leon in der Danziger Altstadt, was der 1. September bedeutet \u2013 der 87. Jahrestag des Beginns des Zweiten Weltkriegs 1939. Beim Versuch, die richtigen Worte zu finden, kamen ihr die Tr\u00e4nen. Sie schrieb auf Instagram, ihre Stimme zittere.\"}},{\"@type\":\"Question\",\"name\":\"Wo leben Anna und Gerald Heiser jetzt?\",\"acceptedAnswer\":{\"@type\":\"Answer\",\"text\":\"Anna und Gerald Heiser leben seit 2025 in Polen \u2013 in Annas Heimatland. Nachdem wirtschaftliche Schwierigkeiten sie zur Aufgabe der Farm in Namibia zwangen, zogen sie mit den Kindern Leon und Alina nach Polen. Inzwischen haben Anna und Gerald Heiser dort ihr Traumhaus gefunden.\"}},{\"@type\":\"Question\",\"name\":\"Wie viele Instagram-Follower hat Anna Heiser aus Bauer sucht Frau?\",\"acceptedAnswer\":{\"@type\":\"Answer\",\"text\":\"Anna Heiser aus Bauer sucht Frau hat knapp 300.000 Follower auf Instagram. Sie teilt dort regelm\u00e4\u00dfig Einblicke in das Familienleben mit Gerald, Leon und Alina \u2013 inklusive schwieriger Momente wie diesem emotionalen Post vom 1. September in Danzig.\"}}]}<\/script>\n\n<script type=\"application\/ld+json\">{\"@context\":\"https:\/\/schema.org\",\"@type\":\"NewsArticle\",\"headline\":\"Bauer sucht Frau: Anna Heiser k\u00e4mpft mit Tr\u00e4nen in Danzig\",\"datePublished\":\"2026-09-03\",\"author\":{\"@type\":\"Person\",\"name\":\"Redaktion\"},\"image\":\"https:\/\/farmersingles.de\/magazin\/wp-content\/uploads\/anna-heiser-bauer-sucht-frau-traenen-danzig.webp\"}<\/script>\n\n<p style=\"font-size:13px;color:#888;\">Bildquelle: <a href=\"https:\/\/www.rtl.de\/sendungen\/bauer-sucht-frau\/\" rel=\"nofollow\" target=\"_blank\">RTL \/ Bauer sucht Frau<\/a><\/p>\n\n<script async src=\"https:\/\/pagead2.googlesyndication.com\/pagead\/js\/adsbygoogle.js?client=ca-pub-7983820903707395\"\r\n     crossorigin=\"anonymous\"><\/script>\r\n<ins class=\"adsbygoogle\"\r\n     style=\"display:block; text-align:center;\"\r\n     data-ad-layout=\"in-article\"\r\n     data-ad-format=\"fluid\"\r\n     data-ad-client=\"ca-pub-7983820903707395\"\r\n     data-ad-slot=\"1676608972\"><\/ins>\r\n<script>\r\n     (adsbygoogle = window.adsbygoogle || []).push({});\r\n<\/script>\n","protected":false},"excerpt":{"rendered":"<p>Foto: RTL Anna Heiser aus Bauer sucht Frau steht mit Sohn Leon auf den Stra\u00dfen Danzigs \u2013 und findet pl\u00f6tzlich<\/p>\n","protected":false},"author":3,"featured_media":10735,"comment_status":"closed","ping_status":"open","sticky":false,"template":"","format":"standard","meta":{"_monsterinsights_skip_tracking":false,"footnotes":""},"categories":[10],"tags":[288,208,380],"class_list":["post-10737","post","type-post","status-publish","format-standard","has-post-thumbnail","hentry","category-bauer-sucht-frau","tag-anna-heiser","tag-bauer-sucht-frau","tag-gerald-heiser","comments-off"],"aioseo_notices":[],"aioseo_head":"\n\t\t<!-- All in One SEO Pro 5.0.1.1 - aioseo.com -->\n\t<meta name=\"description\" content=\"Katarina und Andreas aus Bauer sucht Frau International: Warum trennten sie sich und was macht Katarina jetzt? Das Liebes-Update 2026.\" \/>\n\t<meta name=\"robots\" content=\"max-image-preview:large\" \/>\n\t<meta name=\"author\" content=\"Tommy Honold\"\/>\n\t<meta name=\"google-site-verification\" content=\"KEZ3cDM2NkJxOFs8eZsgARzq_2phF3da5NW-9GPDAEk\" \/>\n\t<meta name=\"p:domain_verify\" content=\"0cc3c227a37cb21099f62c20f8ad6f6d\" \/>\n\t<link rel=\"canonical\" href=\"https:\/\/farmersingles.de\/magazin\/bauer-sucht-frau\/bauer-sucht-frau-katarina-und-andreas-neuanfang\/\" \/>\n\t<meta name=\"generator\" content=\"All in One SEO Pro (AIOSEO) 5.0.1.1\" \/>\n\t\t<meta property=\"og:locale\" content=\"de_DE\" \/>\n\t\t<meta property=\"og:site_name\" content=\"FarmerSingles MAGAZIN | TIPPS F\u00dcR SINGLES vom Land &amp; BAUER SUCHT FRAU\" \/>\n\t\t<meta property=\"og:type\" content=\"article\" \/>\n\t\t<meta property=\"og:title\" content=\"Bauer sucht Frau: Katarina und Andreas \u2013 Ende und Neuanfang\" \/>\n\t\t<meta property=\"og:description\" content=\"Katarina und Andreas aus Bauer sucht Frau International: Warum trennten sie sich und was macht Katarina jetzt? Das Liebes-Update 2026.\" \/>\n\t\t<meta property=\"og:url\" content=\"https:\/\/farmersingles.de\/magazin\/bauer-sucht-frau\/bauer-sucht-frau-katarina-und-andreas-neuanfang\/\" \/>\n\t\t<meta property=\"og:image\" content=\"https:\/\/farmersingles.de\/magazin\/wp-content\/uploads\/cropped-JS-logo-Menu-orange-2.png\" \/>\n\t\t<meta property=\"og:image:secure_url\" content=\"https:\/\/farmersingles.de\/magazin\/wp-content\/uploads\/cropped-JS-logo-Menu-orange-2.png\" \/>\n\t\t<meta property=\"og:image:width\" content=\"240\" \/>\n\t\t<meta property=\"og:image:height\" content=\"240\" \/>\n\t\t<meta property=\"article:published_time\" content=\"2026-09-03T11:02:25+00:00\" \/>\n\t\t<meta property=\"article:modified_time\" content=\"2026-09-04T05:20:22+00:00\" \/>\n\t\t<meta property=\"article:publisher\" content=\"https:\/\/www.facebook.com\/Farmersingles.de\/?locale=de_DE\" \/>\n\t\t<meta property=\"article:author\" content=\"https:\/\/facebook.com\/thomashonold1\" \/>\n\t\t<script type=\"application\/ld+json\" class=\"aioseo-schema\">\n\t\t\t{\"@context\":\"https:\\\/\\\/schema.org\",\"@graph\":[{\"@type\":\"BreadcrumbList\",\"@id\":\"https:\\\/\\\/farmersingles.de\\\/magazin\\\/bauer-sucht-frau\\\/bauer-sucht-frau-katarina-und-andreas-neuanfang\\\/#breadcrumblist\",\"itemListElement\":[{\"@type\":\"ListItem\",\"@id\":\"https:\\\/\\\/farmersingles.de\\\/magazin#listItem\",\"position\":1,\"name\":\"Home\",\"item\":\"https:\\\/\\\/farmersingles.de\\\/magazin\",\"nextItem\":{\"@type\":\"ListItem\",\"@id\":\"https:\\\/\\\/farmersingles.de\\\/magazin\\\/kategorie\\\/bauer-sucht-frau\\\/#listItem\",\"name\":\"TV-News \\\"Bauer sucht Frau\\\"\"}},{\"@type\":\"ListItem\",\"@id\":\"https:\\\/\\\/farmersingles.de\\\/magazin\\\/kategorie\\\/bauer-sucht-frau\\\/#listItem\",\"position\":2,\"name\":\"TV-News \\\"Bauer sucht Frau\\\"\",\"item\":\"https:\\\/\\\/farmersingles.de\\\/magazin\\\/kategorie\\\/bauer-sucht-frau\\\/\",\"nextItem\":{\"@type\":\"ListItem\",\"@id\":\"https:\\\/\\\/farmersingles.de\\\/magazin\\\/bauer-sucht-frau\\\/bauer-sucht-frau-anna-heiser-traenen-danzig\\\/#listItem\",\"name\":\"Bauer sucht Frau: Anna Heiser k\\u00e4mpft mit Tr\\u00e4nen in Danzig\"},\"previousItem\":{\"@type\":\"ListItem\",\"@id\":\"https:\\\/\\\/farmersingles.de\\\/magazin#listItem\",\"name\":\"Home\"}},{\"@type\":\"ListItem\",\"@id\":\"https:\\\/\\\/farmersingles.de\\\/magazin\\\/bauer-sucht-frau\\\/bauer-sucht-frau-anna-heiser-traenen-danzig\\\/#listItem\",\"position\":3,\"name\":\"Bauer sucht Frau: Anna Heiser k\\u00e4mpft mit Tr\\u00e4nen in Danzig\",\"previousItem\":{\"@type\":\"ListItem\",\"@id\":\"https:\\\/\\\/farmersingles.de\\\/magazin\\\/kategorie\\\/bauer-sucht-frau\\\/#listItem\",\"name\":\"TV-News \\\"Bauer sucht Frau\\\"\"}}]},{\"@type\":\"NewsArticle\",\"@id\":\"https:\\\/\\\/farmersingles.de\\\/magazin\\\/bauer-sucht-frau\\\/bauer-sucht-frau-katarina-und-andreas-neuanfang\\\/#newsarticle\",\"name\":\"Bauer sucht Frau: Katarina und Andreas \\u2013 Ende und Neuanfang\",\"headline\":\"Bauer sucht Frau: Katarina und Andreas \\u2013 Ende und Neuanfang\",\"author\":{\"@id\":\"https:\\\/\\\/farmersingles.de\\\/magazin\\\/author\\\/tommy\\\/#author\"},\"publisher\":{\"@id\":\"https:\\\/\\\/farmersingles.de\\\/magazin\\\/#organization\"},\"image\":{\"@type\":\"ImageObject\",\"url\":\"https:\\\/\\\/farmersingles.de\\\/magazin\\\/wp-content\\\/uploads\\\/katarina-andreas-bauer-sucht-frau-international.jpg\",\"width\":1024,\"height\":683,\"caption\":\"Katarina und Andreas bei Bauer sucht Frau International\"},\"datePublished\":\"2026-09-03T13:02:25+02:00\",\"dateModified\":\"2026-09-04T07:20:22+02:00\",\"inLanguage\":\"de-DE\",\"mainEntityOfPage\":{\"@id\":\"https:\\\/\\\/farmersingles.de\\\/magazin\\\/bauer-sucht-frau\\\/bauer-sucht-frau-katarina-und-andreas-neuanfang\\\/#webpage\"},\"isPartOf\":{\"@id\":\"https:\\\/\\\/farmersingles.de\\\/magazin\\\/bauer-sucht-frau\\\/bauer-sucht-frau-katarina-und-andreas-neuanfang\\\/#webpage\"},\"articleSection\":\"TV-News \\\"Bauer sucht Frau\\\", Andreas BsF International, Bauer sucht Frau, Bauer sucht Frau International, Katarina, Katarina BsF\",\"dateline\":\"Ver\\u00f6ffentlicht am September 3, 2026.\"},{\"@type\":\"Organization\",\"@id\":\"https:\\\/\\\/farmersingles.de\\\/magazin\\\/#organization\",\"name\":\"FarmerSingles.de\",\"description\":\"FarmerSingles.de ist die Singleb\\u00f6rse f\\u00fcr Landwirte und Singles vom Land. Im FarmerSingles Magazin findest du Tipps zur Partnersuche, Erfolgsgeschichten und News rund um Bauer sucht Frau.\",\"url\":\"https:\\\/\\\/farmersingles.de\\\/magazin\\\/\",\"email\":\"info@icony.com\",\"foundingDate\":\"2025-02-01\",\"numberOfEmployees\":{\"@type\":\"QuantitativeValue\",\"minValue\":0,\"maxValue\":10},\"logo\":{\"@type\":\"ImageObject\",\"url\":\"https:\\\/\\\/farmersingles.de\\\/magazin\\\/wp-content\\\/uploads\\\/farmersingles_logo_quadratisch.png\",\"@id\":\"https:\\\/\\\/farmersingles.de\\\/magazin\\\/bauer-sucht-frau\\\/bauer-sucht-frau-katarina-und-andreas-neuanfang\\\/#organizationLogo\",\"width\":1000,\"height\":1000,\"caption\":\"Logo Farmersingles Magazin Partnerusche, Love Storys und Bauer\"},\"image\":{\"@id\":\"https:\\\/\\\/farmersingles.de\\\/magazin\\\/bauer-sucht-frau\\\/bauer-sucht-frau-katarina-und-andreas-neuanfang\\\/#organizationLogo\"},\"sameAs\":[\"https:\\\/\\\/www.facebook.com\\\/Farmersingles.de\\\/?locale=de_DE\",\"https:\\\/\\\/www.youtube.com\\\/@JobSinglesDE\"],\"address\":{\"@id\":\"https:\\\/\\\/farmersingles.de\\\/magazin\\\/#postaladdress\",\"@type\":\"PostalAddress\",\"streetAddress\":\"Heinestra\\u00dfe 72\",\"postalCode\":\"72762\",\"addressLocality\":\"Reutlingen\",\"addressRegion\":\"Baden-W\\u00fcrttemberg\",\"addressCountry\":\"DE\"},\"vatID\":\"UStIdNr. DE307590617\"},{\"@type\":\"Person\",\"@id\":\"https:\\\/\\\/farmersingles.de\\\/magazin\\\/author\\\/tommy\\\/#author\",\"url\":\"https:\\\/\\\/farmersingles.de\\\/magazin\\\/author\\\/tommy\\\/\",\"name\":\"Tommy Honold\",\"image\":{\"@type\":\"ImageObject\",\"@id\":\"https:\\\/\\\/farmersingles.de\\\/magazin\\\/bauer-sucht-frau\\\/bauer-sucht-frau-katarina-und-andreas-neuanfang\\\/#authorImage\",\"url\":\"https:\\\/\\\/farmersingles.de\\\/magazin\\\/wp-content\\\/uploads\\\/tommy_honold.jpg\",\"width\":1200,\"height\":1600},\"sameAs\":[\"https:\\\/\\\/facebook.com\\\/thomashonold1\"],\"description\":\"Tommy Honold: Vom K\\u00fcchenmeister zum Content Creator - Ein Lebenslauf mit W\\u00fcrze Tommy Honold, Jahrgang '77, ist ein Tausendsassa mit einer ungew\\u00f6hnlichen Karriere. Vom \\\"commis de cuisine\\\" in der \\\"Mettnaustube\\\" (kein Witz, so hie\\u00df das Restaurant wirklich!) \\u00fcber den Meisterkoch bis hin zum Gesch\\u00e4ftsf\\u00fchrer von AUSGZEICHNET.ORG\\u2013 Thomas hat schon einiges hinter sich. Sogar bei der Marine hat er als Koch gearbeitet! Doch Thomas ruhte sich nicht auf seinen Lorbeeren aus. Neben seiner Leidenschaft f\\u00fcrs Kochen entdeckte er sein Talent als Unternehmer und gr\\u00fcndete das Datingportal \\\"Jobsingles\\\" dazu geh\\u00f6rt auch Farmersingles.de und Singlebuure.ch und zig andere Domains- Und jetzt? Jetzt erobert er die digitale Welt als Content Creator! Mit seinem spritzigen Humor und seinen vielf\\u00e4ltigen Erfahrungen bringt er frischen Wind in die Social-Media-Landschaft. Ob er wohl auch Kochvideos macht? Man darf gespannt sein!!\",\"jobTitle\":\"Redakteur\",\"alumniOf\":[{\"@type\":\"EducationalOrganization\",\"name\":\"Farmersingles.de\",\"sameAs\":\"https:\\\/\\\/farmersingles.de\\\/magazin\"},{\"@type\":\"EducationalOrganization\",\"name\":\"Jobsingles.de\",\"sameAs\":\"https:\\\/\\\/jobsingles.de\\\/\"},{\"@type\":\"EducationalOrganization\",\"name\":\"Singlebuure.ch\",\"sameAs\":\"https:\\\/\\\/singlebuure.ch\\\/\"}],\"knowsAbout\":[{\"@type\":\"Thing\",\"name\":\"Bauer Sucht Frau\",\"url\":\"https:\\\/\\\/www.rtl.de\\\/sendungen\\\/bauer-sucht-frau\\\/\"},{\"@type\":\"Thing\",\"name\":\"Partnersuche in der Landwirtschaft\",\"url\":\"https:\\\/\\\/farmersingles.de\\\/magazin\\\/\",\"sameAs\":[\"https:\\\/\\\/farmersingles.de\\\/\"]},{\"@type\":\"Thing\",\"name\":\"Online Partnersuche\",\"url\":\"https:\\\/\\\/jobsingles.de\\\/magazin\\\/\",\"sameAs\":[\"https:\\\/\\\/jobsingles.de\\\/\"]}],\"award\":[\"School of LIfe\"],\"knowsLanguage\":[\"Eglisch\",\"Deutsch\",\"Franz\\u00f6sisch\"]},{\"@type\":\"WebPage\",\"@id\":\"https:\\\/\\\/farmersingles.de\\\/magazin\\\/bauer-sucht-frau\\\/bauer-sucht-frau-katarina-und-andreas-neuanfang\\\/#webpage\",\"url\":\"https:\\\/\\\/farmersingles.de\\\/magazin\\\/bauer-sucht-frau\\\/bauer-sucht-frau-katarina-und-andreas-neuanfang\\\/\",\"name\":\"Bauer sucht Frau: Katarina und Andreas \\u2013 Ende und Neuanfang\",\"description\":\"Katarina und Andreas aus Bauer sucht Frau International: Warum trennten sie sich und was macht Katarina jetzt? Das Liebes-Update 2026.\",\"inLanguage\":\"de-DE\",\"isPartOf\":{\"@id\":\"https:\\\/\\\/farmersingles.de\\\/magazin\\\/#website\"},\"breadcrumb\":{\"@id\":\"https:\\\/\\\/farmersingles.de\\\/magazin\\\/bauer-sucht-frau\\\/bauer-sucht-frau-katarina-und-andreas-neuanfang\\\/#breadcrumblist\"},\"author\":{\"@id\":\"https:\\\/\\\/farmersingles.de\\\/magazin\\\/author\\\/tommy\\\/#author\"},\"creator\":{\"@id\":\"https:\\\/\\\/farmersingles.de\\\/magazin\\\/author\\\/tommy\\\/#author\"},\"image\":{\"@type\":\"ImageObject\",\"url\":\"https:\\\/\\\/farmersingles.de\\\/magazin\\\/wp-content\\\/uploads\\\/katarina-andreas-bauer-sucht-frau-international.jpg\",\"@id\":\"https:\\\/\\\/farmersingles.de\\\/magazin\\\/bauer-sucht-frau\\\/bauer-sucht-frau-katarina-und-andreas-neuanfang\\\/#mainImage\",\"width\":1024,\"height\":683,\"caption\":\"Katarina und Andreas bei Bauer sucht Frau International\"},\"primaryImageOfPage\":{\"@id\":\"https:\\\/\\\/farmersingles.de\\\/magazin\\\/bauer-sucht-frau\\\/bauer-sucht-frau-katarina-und-andreas-neuanfang\\\/#mainImage\"},\"datePublished\":\"2026-09-03T13:02:25+02:00\",\"dateModified\":\"2026-09-04T07:20:22+02:00\"},{\"@type\":\"WebSite\",\"@id\":\"https:\\\/\\\/farmersingles.de\\\/magazin\\\/#website\",\"url\":\"https:\\\/\\\/farmersingles.de\\\/magazin\\\/\",\"name\":\"FarmerSingles MAGAZIN\",\"alternateName\":\"TIPPS Partnersuche f\\u00fcr Landwirte und Singles vom Land\",\"description\":\"TIPPS F\\u00dcR SINGLES vom Land & BAUER SUCHT FRAU\",\"inLanguage\":\"de-DE\",\"publisher\":{\"@id\":\"https:\\\/\\\/farmersingles.de\\\/magazin\\\/#organization\"}}]}\n\t\t<\/script>\n\t\t<!-- All in One SEO Pro -->\r\n\t\t<title>Bauer sucht Frau: Katarina und Andreas \u2013 Ende und Neuanfang<\/title>\n\n","aioseo_head_json":{"title":"Bauer sucht Frau: Katarina und Andreas \u2013 Ende und Neuanfang","description":"Katarina und Andreas aus Bauer sucht Frau International: Warum trennten sie sich und was macht Katarina jetzt? Das Liebes-Update 2026.","canonical_url":"https:\/\/farmersingles.de\/magazin\/bauer-sucht-frau\/bauer-sucht-frau-katarina-und-andreas-neuanfang\/","robots":"max-image-preview:large","keywords":"","webmasterTools":{"google-site-verification":"KEZ3cDM2NkJxOFs8eZsgARzq_2phF3da5NW-9GPDAEk","p:domain_verify":"0cc3c227a37cb21099f62c20f8ad6f6d","miscellaneous":""},"schema":{"@context":"https:\/\/schema.org","@graph":[{"@type":"BreadcrumbList","@id":"https:\/\/farmersingles.de\/magazin\/bauer-sucht-frau\/bauer-sucht-frau-katarina-und-andreas-neuanfang\/#breadcrumblist","itemListElement":[{"@type":"ListItem","@id":"https:\/\/farmersingles.de\/magazin#listItem","position":1,"name":"Home","item":"https:\/\/farmersingles.de\/magazin","nextItem":{"@type":"ListItem","@id":"https:\/\/farmersingles.de\/magazin\/kategorie\/bauer-sucht-frau\/#listItem","name":"TV-News \"Bauer sucht Frau\""}},{"@type":"ListItem","@id":"https:\/\/farmersingles.de\/magazin\/kategorie\/bauer-sucht-frau\/#listItem","position":2,"name":"TV-News \"Bauer sucht Frau\"","item":"https:\/\/farmersingles.de\/magazin\/kategorie\/bauer-sucht-frau\/","nextItem":{"@type":"ListItem","@id":"https:\/\/farmersingles.de\/magazin\/bauer-sucht-frau\/bauer-sucht-frau-anna-heiser-traenen-danzig\/#listItem","name":"Bauer sucht Frau: Anna Heiser k\u00e4mpft mit Tr\u00e4nen in Danzig"},"previousItem":{"@type":"ListItem","@id":"https:\/\/farmersingles.de\/magazin#listItem","name":"Home"}},{"@type":"ListItem","@id":"https:\/\/farmersingles.de\/magazin\/bauer-sucht-frau\/bauer-sucht-frau-anna-heiser-traenen-danzig\/#listItem","position":3,"name":"Bauer sucht Frau: Anna Heiser k\u00e4mpft mit Tr\u00e4nen in Danzig","previousItem":{"@type":"ListItem","@id":"https:\/\/farmersingles.de\/magazin\/kategorie\/bauer-sucht-frau\/#listItem","name":"TV-News \"Bauer sucht Frau\""}}]},{"@type":"NewsArticle","@id":"https:\/\/farmersingles.de\/magazin\/bauer-sucht-frau\/bauer-sucht-frau-katarina-und-andreas-neuanfang\/#newsarticle","name":"Bauer sucht Frau: Katarina und Andreas \u2013 Ende und Neuanfang","headline":"Bauer sucht Frau: Katarina und Andreas \u2013 Ende und Neuanfang","author":{"@id":"https:\/\/farmersingles.de\/magazin\/author\/tommy\/#author"},"publisher":{"@id":"https:\/\/farmersingles.de\/magazin\/#organization"},"image":{"@type":"ImageObject","url":"https:\/\/farmersingles.de\/magazin\/wp-content\/uploads\/katarina-andreas-bauer-sucht-frau-international.jpg","width":1024,"height":683,"caption":"Katarina und Andreas bei Bauer sucht Frau International"},"datePublished":"2026-09-03T13:02:25+02:00","dateModified":"2026-09-04T07:20:22+02:00","inLanguage":"de-DE","mainEntityOfPage":{"@id":"https:\/\/farmersingles.de\/magazin\/bauer-sucht-frau\/bauer-sucht-frau-katarina-und-andreas-neuanfang\/#webpage"},"isPartOf":{"@id":"https:\/\/farmersingles.de\/magazin\/bauer-sucht-frau\/bauer-sucht-frau-katarina-und-andreas-neuanfang\/#webpage"},"articleSection":"TV-News \"Bauer sucht Frau\", Andreas BsF International, Bauer sucht Frau, Bauer sucht Frau International, Katarina, Katarina BsF","dateline":"Ver\u00f6ffentlicht am September 3, 2026."},{"@type":"Organization","@id":"https:\/\/farmersingles.de\/magazin\/#organization","name":"FarmerSingles.de","description":"FarmerSingles.de ist die Singleb\u00f6rse f\u00fcr Landwirte und Singles vom Land. Im FarmerSingles Magazin findest du Tipps zur Partnersuche, Erfolgsgeschichten und News rund um Bauer sucht Frau.","url":"https:\/\/farmersingles.de\/magazin\/","email":"info@icony.com","foundingDate":"2025-02-01","numberOfEmployees":{"@type":"QuantitativeValue","minValue":0,"maxValue":10},"logo":{"@type":"ImageObject","url":"https:\/\/farmersingles.de\/magazin\/wp-content\/uploads\/farmersingles_logo_quadratisch.png","@id":"https:\/\/farmersingles.de\/magazin\/bauer-sucht-frau\/bauer-sucht-frau-katarina-und-andreas-neuanfang\/#organizationLogo","width":1000,"height":1000,"caption":"Logo Farmersingles Magazin Partnerusche, Love Storys und Bauer"},"image":{"@id":"https:\/\/farmersingles.de\/magazin\/bauer-sucht-frau\/bauer-sucht-frau-katarina-und-andreas-neuanfang\/#organizationLogo"},"sameAs":["https:\/\/www.facebook.com\/Farmersingles.de\/?locale=de_DE","https:\/\/www.youtube.com\/@JobSinglesDE"],"address":{"@id":"https:\/\/farmersingles.de\/magazin\/#postaladdress","@type":"PostalAddress","streetAddress":"Heinestra\u00dfe 72","postalCode":"72762","addressLocality":"Reutlingen","addressRegion":"Baden-W\u00fcrttemberg","addressCountry":"DE"},"vatID":"UStIdNr. DE307590617"},{"@type":"Person","@id":"https:\/\/farmersingles.de\/magazin\/author\/tommy\/#author","url":"https:\/\/farmersingles.de\/magazin\/author\/tommy\/","name":"Tommy Honold","image":{"@type":"ImageObject","@id":"https:\/\/farmersingles.de\/magazin\/bauer-sucht-frau\/bauer-sucht-frau-katarina-und-andreas-neuanfang\/#authorImage","url":"https:\/\/farmersingles.de\/magazin\/wp-content\/uploads\/tommy_honold.jpg","width":1200,"height":1600},"sameAs":["https:\/\/facebook.com\/thomashonold1"],"description":"Tommy Honold: Vom K\u00fcchenmeister zum Content Creator - Ein Lebenslauf mit W\u00fcrze Tommy Honold, Jahrgang '77, ist ein Tausendsassa mit einer ungew\u00f6hnlichen Karriere. Vom \"commis de cuisine\" in der \"Mettnaustube\" (kein Witz, so hie\u00df das Restaurant wirklich!) \u00fcber den Meisterkoch bis hin zum Gesch\u00e4ftsf\u00fchrer von AUSGZEICHNET.ORG\u2013 Thomas hat schon einiges hinter sich. Sogar bei der Marine hat er als Koch gearbeitet! Doch Thomas ruhte sich nicht auf seinen Lorbeeren aus. Neben seiner Leidenschaft f\u00fcrs Kochen entdeckte er sein Talent als Unternehmer und gr\u00fcndete das Datingportal \"Jobsingles\" dazu geh\u00f6rt auch Farmersingles.de und Singlebuure.ch und zig andere Domains- Und jetzt? Jetzt erobert er die digitale Welt als Content Creator! Mit seinem spritzigen Humor und seinen vielf\u00e4ltigen Erfahrungen bringt er frischen Wind in die Social-Media-Landschaft. Ob er wohl auch Kochvideos macht? Man darf gespannt sein!!","jobTitle":"Redakteur","alumniOf":[{"@type":"EducationalOrganization","name":"Farmersingles.de","sameAs":"https:\/\/farmersingles.de\/magazin"},{"@type":"EducationalOrganization","name":"Jobsingles.de","sameAs":"https:\/\/jobsingles.de\/"},{"@type":"EducationalOrganization","name":"Singlebuure.ch","sameAs":"https:\/\/singlebuure.ch\/"}],"knowsAbout":[{"@type":"Thing","name":"Bauer Sucht Frau","url":"https:\/\/www.rtl.de\/sendungen\/bauer-sucht-frau\/"},{"@type":"Thing","name":"Partnersuche in der Landwirtschaft","url":"https:\/\/farmersingles.de\/magazin\/","sameAs":["https:\/\/farmersingles.de\/"]},{"@type":"Thing","name":"Online Partnersuche","url":"https:\/\/jobsingles.de\/magazin\/","sameAs":["https:\/\/jobsingles.de\/"]}],"award":["School of LIfe"],"knowsLanguage":["Eglisch","Deutsch","Franz\u00f6sisch"]},{"@type":"WebPage","@id":"https:\/\/farmersingles.de\/magazin\/bauer-sucht-frau\/bauer-sucht-frau-katarina-und-andreas-neuanfang\/#webpage","url":"https:\/\/farmersingles.de\/magazin\/bauer-sucht-frau\/bauer-sucht-frau-katarina-und-andreas-neuanfang\/","name":"Bauer sucht Frau: Katarina und Andreas \u2013 Ende und Neuanfang","description":"Katarina und Andreas aus Bauer sucht Frau International: Warum trennten sie sich und was macht Katarina jetzt? Das Liebes-Update 2026.","inLanguage":"de-DE","isPartOf":{"@id":"https:\/\/farmersingles.de\/magazin\/#website"},"breadcrumb":{"@id":"https:\/\/farmersingles.de\/magazin\/bauer-sucht-frau\/bauer-sucht-frau-katarina-und-andreas-neuanfang\/#breadcrumblist"},"author":{"@id":"https:\/\/farmersingles.de\/magazin\/author\/tommy\/#author"},"creator":{"@id":"https:\/\/farmersingles.de\/magazin\/author\/tommy\/#author"},"image":{"@type":"ImageObject","url":"https:\/\/farmersingles.de\/magazin\/wp-content\/uploads\/katarina-andreas-bauer-sucht-frau-international.jpg","@id":"https:\/\/farmersingles.de\/magazin\/bauer-sucht-frau\/bauer-sucht-frau-katarina-und-andreas-neuanfang\/#mainImage","width":1024,"height":683,"caption":"Katarina und Andreas bei Bauer sucht Frau International"},"primaryImageOfPage":{"@id":"https:\/\/farmersingles.de\/magazin\/bauer-sucht-frau\/bauer-sucht-frau-katarina-und-andreas-neuanfang\/#mainImage"},"datePublished":"2026-09-03T13:02:25+02:00","dateModified":"2026-09-04T07:20:22+02:00"},{"@type":"WebSite","@id":"https:\/\/farmersingles.de\/magazin\/#website","url":"https:\/\/farmersingles.de\/magazin\/","name":"FarmerSingles MAGAZIN","alternateName":"TIPPS Partnersuche f\u00fcr Landwirte und Singles vom Land","description":"TIPPS F\u00dcR SINGLES vom Land & BAUER SUCHT FRAU","inLanguage":"de-DE","publisher":{"@id":"https:\/\/farmersingles.de\/magazin\/#organization"}}]},"og:locale":"de_DE","og:site_name":"FarmerSingles MAGAZIN | TIPPS F\u00dcR SINGLES vom Land &amp; BAUER SUCHT FRAU","og:type":"article","og:title":"Bauer sucht Frau: Katarina und Andreas \u2013 Ende und Neuanfang","og:description":"Katarina und Andreas aus Bauer sucht Frau International: Warum trennten sie sich und was macht Katarina jetzt? Das Liebes-Update 2026.","og:url":"https:\/\/farmersingles.de\/magazin\/bauer-sucht-frau\/bauer-sucht-frau-katarina-und-andreas-neuanfang\/","og:image":"https:\/\/farmersingles.de\/magazin\/wp-content\/uploads\/cropped-JS-logo-Menu-orange-2.png","og:image:secure_url":"https:\/\/farmersingles.de\/magazin\/wp-content\/uploads\/cropped-JS-logo-Menu-orange-2.png","og:image:width":240,"og:image:height":240,"article:published_time":"2026-09-03T11:02:25+00:00","article:modified_time":"2026-09-04T05:20:22+00:00","article:publisher":"https:\/\/www.facebook.com\/Farmersingles.de\/?locale=de_DE","article:author":"https:\/\/facebook.com\/thomashonold1"},"aioseo_meta_data":{"post_id":"10737","title":"Bauer sucht Frau: Anna Heiser k\u00e4mpft mit Tr\u00e4nen in Danzig","description":"Anna Heiser aus Bauer sucht Frau erinnert in Danzig an den 1. September 1939 \u2013 und k\u00e4mpft mit den Tr\u00e4nen. Was ihr Sohn Leon fragte.","keywords":null,"keyphrases":{"focus":{"keyphrase":"Anna und Gerald Heiser","score":0,"analysis":[]},"additional":[]},"primary_term":null,"canonical_url":null,"og_title":null,"og_description":null,"og_object_type":"default","og_image_type":"default","og_image_url":null,"og_image_width":null,"og_image_height":null,"og_image_custom_url":null,"og_image_custom_fields":null,"og_video":null,"og_custom_url":null,"og_article_section":null,"og_article_tags":null,"twitter_use_og":false,"twitter_card":"default","twitter_image_type":"default","twitter_image_url":null,"twitter_image_custom_url":null,"twitter_image_custom_fields":null,"twitter_title":null,"twitter_description":null,"schema":{"blockGraphs":[],"customGraphs":[],"default":{"data":{"Article":[],"Course":[],"Dataset":[],"FAQPage":[],"Movie":[],"Person":[],"Product":[],"ProductReview":[],"Car":[],"Recipe":[],"Service":[],"SoftwareApplication":[],"WebPage":[]},"graphName":"","isEnabled":true},"graphs":[]},"schema_type":"default","schema_type_options":null,"pillar_content":false,"robots_default":true,"robots_noindex":false,"robots_noarchive":false,"robots_nosnippet":false,"robots_nofollow":false,"robots_noimageindex":false,"robots_noodp":false,"robots_notranslate":false,"robots_max_snippet":null,"robots_max_videopreview":null,"robots_max_imagepreview":"large","priority":null,"frequency":null,"location":null,"local_seo":null,"seo_analyzer_scan_date":"2026-09-03 11:23:46","breadcrumb_settings":null,"limit_modified_date":false,"reviewed_by":null,"open_ai":null,"ai":null,"created":"2026-09-03 05:14:38","updated":"2026-09-03 11:23:46","focus_keyword":"Anna und Gerald Heiser","additional_keywords":null,"truseo_locale":null},"aioseo_breadcrumb":"<div class=\"aioseo-breadcrumbs\"><span class=\"aioseo-breadcrumb\">\n\t<a href=\"https:\/\/farmersingles.de\/magazin\" title=\"Home\">Home<\/a>\n<\/span><span class=\"aioseo-breadcrumb-separator\">\u00bb<\/span><span class=\"aioseo-breadcrumb\">\n\t<a href=\"https:\/\/farmersingles.de\/magazin\/kategorie\/bauer-sucht-frau\/\" title=\"TV-News\">TV-News \"Bauer sucht Frau\"<\/a>\n<\/span><span class=\"aioseo-breadcrumb-separator\">\u00bb<\/span><span class=\"aioseo-breadcrumb\">\n\tBauer sucht Frau: Anna Heiser k\u00e4mpft mit Tr\u00e4nen in Danzig\n<\/span><\/div>","aioseo_breadcrumb_json":[{"label":"Home","link":"https:\/\/farmersingles.de\/magazin"},{"label":"TV-News \"Bauer sucht Frau\"","link":"https:\/\/farmersingles.de\/magazin\/kategorie\/bauer-sucht-frau\/"},{"label":"Bauer sucht Frau: Anna Heiser k\u00e4mpft mit Tr\u00e4nen in Danzig","link":"https:\/\/farmersingles.de\/magazin\/bauer-sucht-frau\/bauer-sucht-frau-anna-heiser-traenen-danzig\/"}],"_links":{"self":[{"href":"https:\/\/farmersingles.de\/magazin\/wp-json\/wp\/v2\/posts\/10737","targetHints":{"allow":["GET"]}}],"collection":[{"href":"https:\/\/farmersingles.de\/magazin\/wp-json\/wp\/v2\/posts"}],"about":[{"href":"https:\/\/farmersingles.de\/magazin\/wp-json\/wp\/v2\/types\/post"}],"author":[{"embeddable":true,"href":"https:\/\/farmersingles.de\/magazin\/wp-json\/wp\/v2\/users\/3"}],"replies":[{"embeddable":true,"href":"https:\/\/farmersingles.de\/magazin\/wp-json\/wp\/v2\/comments?post=10737"}],"version-history":[{"count":0,"href":"https:\/\/farmersingles.de\/magazin\/wp-json\/wp\/v2\/posts\/10737\/revisions"}],"wp:featuredmedia":[{"embeddable":true,"href":"https:\/\/farmersingles.de\/magazin\/wp-json\/wp\/v2\/media\/10735"}],"wp:attachment":[{"href":"https:\/\/farmersingles.de\/magazin\/wp-json\/wp\/v2\/media?parent=10737"}],"wp:term":[{"taxonomy":"category","embeddable":true,"href":"https:\/\/farmersingles.de\/magazin\/wp-json\/wp\/v2\/categories?post=10737"},{"taxonomy":"post_tag","embeddable":true,"href":"https:\/\/farmersingles.de\/magazin\/wp-json\/wp\/v2\/tags?post=10737"}],"curies":[{"name":"wp","href":"https:\/\/api.w.org\/{rel}","templated":true}]}}