{"id":10738,"date":"2026-09-03T13:02:25","date_gmt":"2026-09-03T11:02:25","guid":{"rendered":"https:\/\/farmersingles.de\/magazin\/?p=10738"},"modified":"2026-09-04T07:20:22","modified_gmt":"2026-09-04T05:20:22","slug":"bauer-sucht-frau-katarina-und-andreas-neuanfang","status":"publish","type":"post","link":"https:\/\/farmersingles.de\/magazin\/bauer-sucht-frau\/bauer-sucht-frau-katarina-und-andreas-neuanfang\/","title":{"rendered":"Bauer sucht Frau: Katarina und Andreas \u2013 Ende und Neuanfang"},"content":{"rendered":"<p>Foto: RTL \/ Bauer sucht Frau International<\/p>\n<p><em>Bei Bauer sucht Frau International k\u00e4mpfte Katarina mit allem, was sie hatte \u2013 und verlor doch. Jetzt zeigt die 43-J\u00e4hrige aus Hessen, dass das Herz weitergeht.<\/em><\/p>\n\n<div class=\"callout-box\">\n<p><strong>&#x1f4cc; Das Wichtigste auf einen Blick<\/strong><\/p>\n<ul>\n<li><strong>Katarina (43) aus Bauer sucht Frau International ist nach der Trennung von Andreas neu verliebt<\/strong><\/li>\n<li><strong>Die Hessin stellt ihren neuen Partner erstmals auf Social Media vor<\/strong><\/li>\n<li><strong>Katarina und Andreas hatten sich nach dem Bauer sucht Frau International Finale getrennt<\/strong><\/li>\n<\/ul>\n<\/div>\n\n<h2><a href=\"https:\/\/farmersingles.de\/magazin\/kategorie\/bauer-sucht-frau\/\">Bauer sucht Frau<\/a> International: Katarina und Andreas \u2013 Ende und Neuanfang<\/h2>\n<p>Wer Bauer sucht Frau International 2026 verfolgt hat, erinnert sich: Katarina und Andreas lieferten eines der emotionalsten Kapitel der Staffel. <strong>Katarina (43)<\/strong>, aufgewachsen in Hessen, war fest entschlossen. Sie setzte alles auf die Karte \u2013 und gewann tats\u00e4chlich zuerst: Andreas (46) aus S\u00fcdtirol entschied sich nach einem harten Konkurrenzkampf mit Hofdame Jasmin f\u00fcr Katarina. Doch abseits der Kameras zerbrach, was auf dem Bildschirm bl\u00fchte.<\/p>\n\n<div class=\"related-post\" style=\"border-top: 1px solid #ccc; border-bottom: 1px solid #ccc; padding: 10px 0;\">        <div style=\"display: flex; align-items: center; margin-bottom: 10px;\"> \r\n          <a href=\"https:\/\/farmersingles.de\/magazin\/bauer-sucht-frau\/bauer-sucht-frau-anna-heiser-traenen-danzig\/\">\r\n                          <div class=\"related-post-thumbnail\" style=\"width: 75px; height: 75px; margin-right: 10px;\"> \r\n                <img decoding=\"async\" width=\"150\" height=\"150\" src=\"https:\/\/farmersingles.de\/magazin\/wp-content\/uploads\/anna-heiser-bauer-sucht-frau-traenen-danzig-150x150.webp\" class=\"attachment-thumbnail size-thumbnail wp-post-image\" alt=\"Anna Heiser aus Bauer sucht Frau k\u00e4mpft mit den Tr\u00e4nen in Danzig\" \/>              <\/div>\r\n                      <\/a>\r\n          <a href=\"https:\/\/farmersingles.de\/magazin\/bauer-sucht-frau\/bauer-sucht-frau-anna-heiser-traenen-danzig\/\" style=\"word-break: break-word; max-width: 70%; font-weight: bold; text-transform: uppercase;\"> \r\n            Bauer sucht Frau: Anna Heiser k\u00e4mpft mit Tr\u00e4nen in Danzig          <\/a>\r\n        <\/div>\r\n      <\/div>\n\n\n<h3>Bauer sucht Frau: Katarina und Andreas \u2013 Wenn Gef\u00fchle nicht gleich stark sind<\/h3>\n<p>Was zwischen Katarina und Andreas schiefging, wurde im Juni 2026 bekannt: Der S\u00fcdtiroler Landwirt gab offen zu, <strong>dass seine Gef\u00fchle nicht so weit waren<\/strong> wie die von Katarina. F\u00fcr sie war er der Mann ihres Lebens. F\u00fcr ihn \u2013 ein wunderbarer Mensch, aber nicht die gro\u00dfe Liebe. Das tut weh. Bauer sucht Frau Zuschauer, die Katarinas Einsatz in der Hofwoche gesehen haben, verstehen, wie bitter dieses Ende f\u00fcr Katarina und Andreas gewesen sein muss. <a href=\"https:\/\/farmersingles.de\/magazin\/bauer-sucht-frau\/bauer-sucht-frau-international-katharina-jasmin-zickendrama-andreas\/\">Schon w\u00e4hrend der Hofwoche hatte es geknistert \u2013 und gleichzeitig gebrennt.<\/a><\/p>\n\n<iframe src=\"https:\/\/js.icony.com\/frame\/?w=300&h=300&t=4&pc=429A45&id=farmersingles&aid=farmersinglesmagazin\"\r\n  title=\"Finde jetzt Deinen Landwirtflirt \u2013 kostenlos anmelden\" loading=\"lazy\"\r\n  style=\"width:300px;max-width:100%;height:300px;border:0;display:block;margin:24px auto;\"><\/iframe>\r\n\n\n\n<h3>Bauer sucht Frau: Katarina \u2013 Neustart und neues Gl\u00fcck<\/h3>\n<p>Jetzt, im September 2026, setzt Katarina einen Schlusspunkt unter das Kapitel Andreas. <strong>Auf Social Media pr\u00e4sentiert sie erstmals ihren neuen Partner<\/strong> \u2013 und zeigt damit: Das Herz von Katarina aus Bauer sucht Frau International ist wieder vergeben. Kein Name, keine Details bisher \u2013 aber der Schritt ist gemacht. Bauer sucht Frau hat ihr Schmerz gebracht. Was jetzt kommt, bestimmt Katarina selbst. Das Beste an Bauer sucht Frau ist nicht immer das Finale. Manchmal ist es das, was danach kommt. <a href=\"https:\/\/farmersingles.de\/magazin\/bauer-sucht-frau\/bauer-sucht-frau-anna-heiser-traenen-danzig\/\">Auch Anna Heiser zeigt gerade, wie das Leben nach Bauer sucht Frau emotionale Momente bereith\u00e4lt.<\/a><\/p>\n\n<div class=\"related-posts\" style=\"border-top: 1px solid #ccc; border-bottom: 1px solid #ccc; padding: 10px 0;\">        <div style=\"display: flex; align-items: center; margin-bottom: 10px;\"> \r\n          <a href=\"https:\/\/farmersingles.de\/magazin\/bauer-sucht-frau\/bauer-sucht-frau-international-anastasia-namibia\/\">\r\n                          <div class=\"related-post-thumbnail\" style=\"width: 75px; height: 75px; margin-right: 10px;\"> \r\n                <img decoding=\"async\" width=\"150\" height=\"150\" src=\"https:\/\/farmersingles.de\/magazin\/wp-content\/uploads\/anastasia-bsf-international-namibia-150x150.webp\" class=\"attachment-thumbnail size-thumbnail wp-post-image\" alt=\"Anastasia aus Namibia \u2013 Kandidatin bei Bauer sucht Frau International\" srcset=\"https:\/\/farmersingles.de\/magazin\/wp-content\/uploads\/anastasia-bsf-international-namibia-150x150.webp 150w, https:\/\/farmersingles.de\/magazin\/wp-content\/uploads\/anastasia-bsf-international-namibia-300x300.webp 300w, https:\/\/farmersingles.de\/magazin\/wp-content\/uploads\/anastasia-bsf-international-namibia-1024x1024.webp 1024w, https:\/\/farmersingles.de\/magazin\/wp-content\/uploads\/anastasia-bsf-international-namibia-768x768.webp 768w, https:\/\/farmersingles.de\/magazin\/wp-content\/uploads\/anastasia-bsf-international-namibia.webp 1200w\" sizes=\"(max-width: 150px) 100vw, 150px\" \/>              <\/div>\r\n                      <\/a>\r\n          <a href=\"https:\/\/farmersingles.de\/magazin\/bauer-sucht-frau\/bauer-sucht-frau-international-anastasia-namibia\/\" style=\"word-break: break-word; max-width: 70%; font-weight: bold; text-transform: uppercase;\"> \r\n            Bauer sucht Frau International: Anastasia aus Namibia          <\/a>\r\n        <\/div>\r\n      <\/div>\n\n\n<ul>\n<li><strong>Katarina (43) aus Hessen ist nach der Trennung von Andreas neu verliebt<\/strong><\/li>\n<li><strong>Katarina und Andreas trennten sich im Juni 2026 nach dem Bauer sucht Frau International Finale<\/strong><\/li>\n<li><strong>Andreas gab zu, dass seine Gef\u00fchle nicht tief genug f\u00fcr eine Beziehung waren<\/strong><\/li>\n<li><strong>Katarina stellt ihren neuen Partner jetzt auf Social Media vor<\/strong><\/li>\n<li><strong>Fans von Bauer sucht Frau International feiern das neue Liebesgl\u00fcck der 43-J\u00e4hrigen<\/strong><\/li>\n<\/ul>\n\n<p style=\"text-align:center\"><a class=\"cta-button\" style=\"background:#429A45\" href=\"https:\/\/farmersingles.de\/?AID=FarmersinglesMagazin\" rel=\"nofollow\">Jetzt kostenfrei auf Farmersingles registrieren<\/a><\/p>\n\n<div class=\"faq-section\" style=\"margin:32px 0;\">\n<h2>H\u00e4ufige Fragen zu Katarina und Andreas aus Bauer sucht Frau International<\/h2>\n<details style=\"border-bottom:1px solid #e0e0e0; margin-bottom:12px; padding-bottom:12px;\">\n<summary style=\"font-weight:bold; font-size:16px; cursor:pointer; padding:8px 0;\">Warum haben Katarina und Andreas aus Bauer sucht Frau International sich getrennt?<\/summary>\n<p style=\"padding:8px 0 0 0; color:#444;\">Katarina und Andreas trennten sich nach dem Finale von Bauer sucht Frau International 2026. Andreas gab offen zu, dass seine Gef\u00fchle nicht so stark waren wie die von Katarina. W\u00e4hrend sie in ihm den Mann ihres Lebens sah, reichten seine Emotionen nicht f\u00fcr eine ernsthafte Beziehung.<\/p>\n<\/details>\n<details style=\"border-bottom:1px solid #e0e0e0; margin-bottom:12px; padding-bottom:12px;\">\n<summary style=\"font-weight:bold; font-size:16px; cursor:pointer; padding:8px 0;\">Hat Katarina aus Bauer sucht Frau International jetzt einen neuen Freund?<\/summary>\n<p style=\"padding:8px 0 0 0; color:#444;\">Ja, Katarina aus Bauer sucht Frau International hat nach der Trennung von Andreas wieder Liebe gefunden. Im September 2026 pr\u00e4sentierte sie ihren neuen Partner erstmals auf Social Media.<\/p>\n<\/details>\n<details style=\"border-bottom:1px solid #e0e0e0; margin-bottom:12px; padding-bottom:12px;\">\n<summary style=\"font-weight:bold; font-size:16px; cursor:pointer; padding:8px 0;\">Wer ist Katarina aus Bauer sucht Frau International?<\/summary>\n<p style=\"padding:8px 0 0 0; color:#444;\">Katarina ist eine 43-j\u00e4hrige Frau aus Hessen, die bei Bauer sucht Frau International 2026 als Hofdame von Bauer Andreas aus S\u00fcdtirol teilnahm. Sie setzte sich gegen Konkurrentin Jasmin durch und gewann Andreas&#8216; Herz \u2013 doch nach dem Finale trennten sich Katarina und Andreas wieder.<\/p>\n<\/details>\n<\/div>\n\n\n<p style=\"background:#eef6ff;border-left:4px solid #ff8c00;padding:12px 16px;margin:20px 0;border-radius:4px;\">&#x1f491; <strong>Gro\u00dfer \u00dcberblick:<\/strong> <a href=\"https:\/\/farmersingles.de\/magazin\/bauer-sucht-frau\/bauer-sucht-frau-paare-noch-zusammen\/\">Bauer sucht Frau Paare 2026 \u2013 welche sind noch zusammen, welche getrennt?<\/a><\/p>\n<script type=\"application\/ld+json\">{\"@context\":\"https:\/\/schema.org\",\"@type\":\"FAQPage\",\"mainEntity\":[{\"@type\":\"Question\",\"name\":\"Warum haben Katarina und Andreas aus Bauer sucht Frau International sich getrennt?\",\"acceptedAnswer\":{\"@type\":\"Answer\",\"text\":\"Katarina und Andreas trennten sich nach dem Finale von Bauer sucht Frau International 2026, weil Andreas offen zugab, dass seine Gef\u00fchle nicht so stark waren wie die von Katarina. W\u00e4hrend sie in ihm den Mann ihres Lebens sah, reichten seine Emotionen nicht f\u00fcr eine ernsthafte Beziehung aus.\"}},{\"@type\":\"Question\",\"name\":\"Hat Katarina aus Bauer sucht Frau International jetzt einen neuen Freund?\",\"acceptedAnswer\":{\"@type\":\"Answer\",\"text\":\"Ja, Katarina aus Bauer sucht Frau International hat nach der Trennung von Andreas wieder Liebe gefunden. Im September 2026 pr\u00e4sentierte sie ihren neuen Partner erstmals auf Social Media.\"}},{\"@type\":\"Question\",\"name\":\"Wer ist Katarina aus Bauer sucht Frau International?\",\"acceptedAnswer\":{\"@type\":\"Answer\",\"text\":\"Katarina ist eine 43-j\u00e4hrige Frau aus Hessen, die bei Bauer sucht Frau International 2026 als Hofdame von Bauer Andreas aus S\u00fcdtirol teilnahm. Sie setzte sich gegen Konkurrentin Jasmin durch und gewann Andreas' Herz \u2013 doch nach dem Finale trennten sich Katarina und Andreas wieder.\"}}]}<\/script>\n\n<script type=\"application\/ld+json\">{\"@context\":\"https:\/\/schema.org\",\"@type\":\"NewsArticle\",\"headline\":\"Bauer sucht Frau: Katarina und Andreas \u2013 Ende und Neuanfang\",\"datePublished\":\"2026-09-03\",\"author\":{\"@type\":\"Person\",\"name\":\"Redaktion\"},\"image\":\"https:\/\/farmersingles.de\/magazin\/wp-content\/uploads\/katarina-andreas-bauer-sucht-frau-international.jpg\"}<\/script>\n\n\n\n<p><strong>Update:<\/strong> Katarina hat nach dem Andreas-Kapitel bei Bauer sucht Frau International wieder Liebe gefunden \u2013 <a href=\"https:\/\/farmersingles.de\/magazin\/bauer-sucht-frau\/bauer-sucht-frau-katarina-neuer-freund-marco\/\">Bauer sucht Frau: Katarina zeigt neuen Freund Marco<\/a>.<\/p>\n<p style=\"font-size:13px;color:#888;\">Bildquelle: <a href=\"https:\/\/www.rtl.de\/sendungen\/bauer-sucht-frau\/\" rel=\"nofollow\" target=\"_blank\">RTL \/ Bauer sucht Frau International<\/a><\/p>\n\n<script async src=\"https:\/\/pagead2.googlesyndication.com\/pagead\/js\/adsbygoogle.js?client=ca-pub-7983820903707395\"\r\n     crossorigin=\"anonymous\"><\/script>\r\n<ins class=\"adsbygoogle\"\r\n     style=\"display:block; text-align:center;\"\r\n     data-ad-layout=\"in-article\"\r\n     data-ad-format=\"fluid\"\r\n     data-ad-client=\"ca-pub-7983820903707395\"\r\n     data-ad-slot=\"1676608972\"><\/ins>\r\n<script>\r\n     (adsbygoogle = window.adsbygoogle || []).push({});\r\n<\/script>\n","protected":false},"excerpt":{"rendered":"<p>Foto: RTL \/ Bauer sucht Frau International Bei Bauer sucht Frau International k\u00e4mpfte Katarina mit allem, was sie hatte \u2013<\/p>\n","protected":false},"author":3,"featured_media":10736,"comment_status":"closed","ping_status":"open","sticky":false,"template":"","format":"standard","meta":{"_monsterinsights_skip_tracking":false,"footnotes":""},"categories":[10],"tags":[547,208,358,452,548],"class_list":["post-10738","post","type-post","status-publish","format-standard","has-post-thumbnail","hentry","category-bauer-sucht-frau","tag-andreas-bsf-international","tag-bauer-sucht-frau","tag-bauer-sucht-frau-international","tag-katarina","tag-katarina-bsf","comments-off"],"aioseo_notices":[],"aioseo_head":"\n\t\t<!-- All in One SEO Pro 5.0.1.1 - aioseo.com -->\n\t<meta name=\"description\" content=\"Anna Heiser aus Bauer sucht Frau erinnert in Danzig an den 1. September 1939 \u2013 und k\u00e4mpft mit den Tr\u00e4nen. Was ihr Sohn Leon fragte.\" \/>\n\t<meta name=\"robots\" content=\"max-image-preview:large\" \/>\n\t<meta name=\"author\" content=\"Tommy Honold\"\/>\n\t<meta name=\"google-site-verification\" content=\"KEZ3cDM2NkJxOFs8eZsgARzq_2phF3da5NW-9GPDAEk\" \/>\n\t<meta name=\"p:domain_verify\" content=\"0cc3c227a37cb21099f62c20f8ad6f6d\" \/>\n\t<link rel=\"canonical\" href=\"https:\/\/farmersingles.de\/magazin\/bauer-sucht-frau\/bauer-sucht-frau-anna-heiser-traenen-danzig\/\" \/>\n\t<meta name=\"generator\" content=\"All in One SEO Pro (AIOSEO) 5.0.1.1\" \/>\n\t\t<meta property=\"og:locale\" content=\"de_DE\" \/>\n\t\t<meta property=\"og:site_name\" content=\"FarmerSingles MAGAZIN | TIPPS F\u00dcR SINGLES vom Land &amp; BAUER SUCHT FRAU\" \/>\n\t\t<meta property=\"og:type\" content=\"article\" \/>\n\t\t<meta property=\"og:title\" content=\"Bauer sucht Frau: Anna Heiser k\u00e4mpft mit Tr\u00e4nen in Danzig\" \/>\n\t\t<meta property=\"og:description\" content=\"Anna Heiser aus Bauer sucht Frau erinnert in Danzig an den 1. September 1939 \u2013 und k\u00e4mpft mit den Tr\u00e4nen. Was ihr Sohn Leon fragte.\" \/>\n\t\t<meta property=\"og:url\" content=\"https:\/\/farmersingles.de\/magazin\/bauer-sucht-frau\/bauer-sucht-frau-anna-heiser-traenen-danzig\/\" \/>\n\t\t<meta property=\"og:image\" content=\"https:\/\/farmersingles.de\/magazin\/wp-content\/uploads\/cropped-JS-logo-Menu-orange-2.png\" \/>\n\t\t<meta property=\"og:image:secure_url\" content=\"https:\/\/farmersingles.de\/magazin\/wp-content\/uploads\/cropped-JS-logo-Menu-orange-2.png\" \/>\n\t\t<meta property=\"og:image:width\" content=\"240\" \/>\n\t\t<meta property=\"og:image:height\" content=\"240\" \/>\n\t\t<meta property=\"article:published_time\" content=\"2026-09-03T11:02:31+00:00\" \/>\n\t\t<meta property=\"article:modified_time\" content=\"2026-09-03T11:02:31+00:00\" \/>\n\t\t<meta property=\"article:publisher\" content=\"https:\/\/www.facebook.com\/Farmersingles.de\/?locale=de_DE\" \/>\n\t\t<meta property=\"article:author\" content=\"https:\/\/facebook.com\/thomashonold1\" \/>\n\t\t<script type=\"application\/ld+json\" class=\"aioseo-schema\">\n\t\t\t{\"@context\":\"https:\\\/\\\/schema.org\",\"@graph\":[{\"@type\":\"BreadcrumbList\",\"@id\":\"https:\\\/\\\/farmersingles.de\\\/magazin\\\/bauer-sucht-frau\\\/bauer-sucht-frau-anna-heiser-traenen-danzig\\\/#breadcrumblist\",\"itemListElement\":[{\"@type\":\"ListItem\",\"@id\":\"https:\\\/\\\/farmersingles.de\\\/magazin#listItem\",\"position\":1,\"name\":\"Home\",\"item\":\"https:\\\/\\\/farmersingles.de\\\/magazin\",\"nextItem\":{\"@type\":\"ListItem\",\"@id\":\"https:\\\/\\\/farmersingles.de\\\/magazin\\\/kategorie\\\/bauer-sucht-frau\\\/#listItem\",\"name\":\"TV-News \\\"Bauer sucht Frau\\\"\"}},{\"@type\":\"ListItem\",\"@id\":\"https:\\\/\\\/farmersingles.de\\\/magazin\\\/kategorie\\\/bauer-sucht-frau\\\/#listItem\",\"position\":2,\"name\":\"TV-News \\\"Bauer sucht Frau\\\"\",\"item\":\"https:\\\/\\\/farmersingles.de\\\/magazin\\\/kategorie\\\/bauer-sucht-frau\\\/\",\"nextItem\":{\"@type\":\"ListItem\",\"@id\":\"https:\\\/\\\/farmersingles.de\\\/magazin\\\/bauer-sucht-frau\\\/bauer-sucht-frau-katarina-und-andreas-neuanfang\\\/#listItem\",\"name\":\"Bauer sucht Frau: Katarina und Andreas \\u2013 Ende und Neuanfang\"},\"previousItem\":{\"@type\":\"ListItem\",\"@id\":\"https:\\\/\\\/farmersingles.de\\\/magazin#listItem\",\"name\":\"Home\"}},{\"@type\":\"ListItem\",\"@id\":\"https:\\\/\\\/farmersingles.de\\\/magazin\\\/bauer-sucht-frau\\\/bauer-sucht-frau-katarina-und-andreas-neuanfang\\\/#listItem\",\"position\":3,\"name\":\"Bauer sucht Frau: Katarina und Andreas \\u2013 Ende und Neuanfang\",\"previousItem\":{\"@type\":\"ListItem\",\"@id\":\"https:\\\/\\\/farmersingles.de\\\/magazin\\\/kategorie\\\/bauer-sucht-frau\\\/#listItem\",\"name\":\"TV-News \\\"Bauer sucht Frau\\\"\"}}]},{\"@type\":\"NewsArticle\",\"@id\":\"https:\\\/\\\/farmersingles.de\\\/magazin\\\/bauer-sucht-frau\\\/bauer-sucht-frau-anna-heiser-traenen-danzig\\\/#newsarticle\",\"name\":\"Bauer sucht Frau: Anna Heiser k\\u00e4mpft mit Tr\\u00e4nen in Danzig\",\"headline\":\"Bauer sucht Frau: Anna Heiser k\\u00e4mpft mit Tr\\u00e4nen in Danzig\",\"author\":{\"@id\":\"https:\\\/\\\/farmersingles.de\\\/magazin\\\/author\\\/tommy\\\/#author\"},\"publisher\":{\"@id\":\"https:\\\/\\\/farmersingles.de\\\/magazin\\\/#organization\"},\"image\":{\"@type\":\"ImageObject\",\"url\":\"https:\\\/\\\/farmersingles.de\\\/magazin\\\/wp-content\\\/uploads\\\/anna-heiser-bauer-sucht-frau-traenen-danzig.webp\",\"width\":1200,\"height\":675,\"caption\":\"Anna Heiser aus Bauer sucht Frau\"},\"datePublished\":\"2026-09-03T13:02:31+02:00\",\"dateModified\":\"2026-09-03T13:02:31+02:00\",\"inLanguage\":\"de-DE\",\"mainEntityOfPage\":{\"@id\":\"https:\\\/\\\/farmersingles.de\\\/magazin\\\/bauer-sucht-frau\\\/bauer-sucht-frau-anna-heiser-traenen-danzig\\\/#webpage\"},\"isPartOf\":{\"@id\":\"https:\\\/\\\/farmersingles.de\\\/magazin\\\/bauer-sucht-frau\\\/bauer-sucht-frau-anna-heiser-traenen-danzig\\\/#webpage\"},\"articleSection\":\"TV-News \\\"Bauer sucht Frau\\\", Anna Heiser, Bauer sucht Frau, Gerald Heiser\",\"dateline\":\"Ver\\u00f6ffentlicht am September 3, 2026.\"},{\"@type\":\"Organization\",\"@id\":\"https:\\\/\\\/farmersingles.de\\\/magazin\\\/#organization\",\"name\":\"FarmerSingles.de\",\"description\":\"FarmerSingles.de ist die Singleb\\u00f6rse f\\u00fcr Landwirte und Singles vom Land. Im FarmerSingles Magazin findest du Tipps zur Partnersuche, Erfolgsgeschichten und News rund um Bauer sucht Frau.\",\"url\":\"https:\\\/\\\/farmersingles.de\\\/magazin\\\/\",\"email\":\"info@icony.com\",\"foundingDate\":\"2025-02-01\",\"numberOfEmployees\":{\"@type\":\"QuantitativeValue\",\"minValue\":0,\"maxValue\":10},\"logo\":{\"@type\":\"ImageObject\",\"url\":\"https:\\\/\\\/farmersingles.de\\\/magazin\\\/wp-content\\\/uploads\\\/farmersingles_logo_quadratisch.png\",\"@id\":\"https:\\\/\\\/farmersingles.de\\\/magazin\\\/bauer-sucht-frau\\\/bauer-sucht-frau-anna-heiser-traenen-danzig\\\/#organizationLogo\",\"width\":1000,\"height\":1000,\"caption\":\"Logo Farmersingles Magazin Partnerusche, Love Storys und Bauer\"},\"image\":{\"@id\":\"https:\\\/\\\/farmersingles.de\\\/magazin\\\/bauer-sucht-frau\\\/bauer-sucht-frau-anna-heiser-traenen-danzig\\\/#organizationLogo\"},\"sameAs\":[\"https:\\\/\\\/www.facebook.com\\\/Farmersingles.de\\\/?locale=de_DE\",\"https:\\\/\\\/www.youtube.com\\\/@JobSinglesDE\"],\"address\":{\"@id\":\"https:\\\/\\\/farmersingles.de\\\/magazin\\\/#postaladdress\",\"@type\":\"PostalAddress\",\"streetAddress\":\"Heinestra\\u00dfe 72\",\"postalCode\":\"72762\",\"addressLocality\":\"Reutlingen\",\"addressRegion\":\"Baden-W\\u00fcrttemberg\",\"addressCountry\":\"DE\"},\"vatID\":\"UStIdNr. DE307590617\"},{\"@type\":\"Person\",\"@id\":\"https:\\\/\\\/farmersingles.de\\\/magazin\\\/author\\\/tommy\\\/#author\",\"url\":\"https:\\\/\\\/farmersingles.de\\\/magazin\\\/author\\\/tommy\\\/\",\"name\":\"Tommy Honold\",\"image\":{\"@type\":\"ImageObject\",\"@id\":\"https:\\\/\\\/farmersingles.de\\\/magazin\\\/bauer-sucht-frau\\\/bauer-sucht-frau-anna-heiser-traenen-danzig\\\/#authorImage\",\"url\":\"https:\\\/\\\/farmersingles.de\\\/magazin\\\/wp-content\\\/uploads\\\/tommy_honold.jpg\",\"width\":1200,\"height\":1600},\"sameAs\":[\"https:\\\/\\\/facebook.com\\\/thomashonold1\"],\"description\":\"Tommy Honold: Vom K\\u00fcchenmeister zum Content Creator - Ein Lebenslauf mit W\\u00fcrze Tommy Honold, Jahrgang '77, ist ein Tausendsassa mit einer ungew\\u00f6hnlichen Karriere. Vom \\\"commis de cuisine\\\" in der \\\"Mettnaustube\\\" (kein Witz, so hie\\u00df das Restaurant wirklich!) \\u00fcber den Meisterkoch bis hin zum Gesch\\u00e4ftsf\\u00fchrer von AUSGZEICHNET.ORG\\u2013 Thomas hat schon einiges hinter sich. Sogar bei der Marine hat er als Koch gearbeitet! Doch Thomas ruhte sich nicht auf seinen Lorbeeren aus. Neben seiner Leidenschaft f\\u00fcrs Kochen entdeckte er sein Talent als Unternehmer und gr\\u00fcndete das Datingportal \\\"Jobsingles\\\" dazu geh\\u00f6rt auch Farmersingles.de und Singlebuure.ch und zig andere Domains- Und jetzt? Jetzt erobert er die digitale Welt als Content Creator! Mit seinem spritzigen Humor und seinen vielf\\u00e4ltigen Erfahrungen bringt er frischen Wind in die Social-Media-Landschaft. Ob er wohl auch Kochvideos macht? Man darf gespannt sein!!\",\"jobTitle\":\"Redakteur\",\"alumniOf\":[{\"@type\":\"EducationalOrganization\",\"name\":\"Farmersingles.de\",\"sameAs\":\"https:\\\/\\\/farmersingles.de\\\/magazin\"},{\"@type\":\"EducationalOrganization\",\"name\":\"Jobsingles.de\",\"sameAs\":\"https:\\\/\\\/jobsingles.de\\\/\"},{\"@type\":\"EducationalOrganization\",\"name\":\"Singlebuure.ch\",\"sameAs\":\"https:\\\/\\\/singlebuure.ch\\\/\"}],\"knowsAbout\":[{\"@type\":\"Thing\",\"name\":\"Bauer Sucht Frau\",\"url\":\"https:\\\/\\\/www.rtl.de\\\/sendungen\\\/bauer-sucht-frau\\\/\"},{\"@type\":\"Thing\",\"name\":\"Partnersuche in der Landwirtschaft\",\"url\":\"https:\\\/\\\/farmersingles.de\\\/magazin\\\/\",\"sameAs\":[\"https:\\\/\\\/farmersingles.de\\\/\"]},{\"@type\":\"Thing\",\"name\":\"Online Partnersuche\",\"url\":\"https:\\\/\\\/jobsingles.de\\\/magazin\\\/\",\"sameAs\":[\"https:\\\/\\\/jobsingles.de\\\/\"]}],\"award\":[\"School of LIfe\"],\"knowsLanguage\":[\"Eglisch\",\"Deutsch\",\"Franz\\u00f6sisch\"]},{\"@type\":\"WebPage\",\"@id\":\"https:\\\/\\\/farmersingles.de\\\/magazin\\\/bauer-sucht-frau\\\/bauer-sucht-frau-anna-heiser-traenen-danzig\\\/#webpage\",\"url\":\"https:\\\/\\\/farmersingles.de\\\/magazin\\\/bauer-sucht-frau\\\/bauer-sucht-frau-anna-heiser-traenen-danzig\\\/\",\"name\":\"Bauer sucht Frau: Anna Heiser k\\u00e4mpft mit Tr\\u00e4nen in Danzig\",\"description\":\"Anna Heiser aus Bauer sucht Frau erinnert in Danzig an den 1. September 1939 \\u2013 und k\\u00e4mpft mit den Tr\\u00e4nen. Was ihr Sohn Leon fragte.\",\"inLanguage\":\"de-DE\",\"isPartOf\":{\"@id\":\"https:\\\/\\\/farmersingles.de\\\/magazin\\\/#website\"},\"breadcrumb\":{\"@id\":\"https:\\\/\\\/farmersingles.de\\\/magazin\\\/bauer-sucht-frau\\\/bauer-sucht-frau-anna-heiser-traenen-danzig\\\/#breadcrumblist\"},\"author\":{\"@id\":\"https:\\\/\\\/farmersingles.de\\\/magazin\\\/author\\\/tommy\\\/#author\"},\"creator\":{\"@id\":\"https:\\\/\\\/farmersingles.de\\\/magazin\\\/author\\\/tommy\\\/#author\"},\"image\":{\"@type\":\"ImageObject\",\"url\":\"https:\\\/\\\/farmersingles.de\\\/magazin\\\/wp-content\\\/uploads\\\/anna-heiser-bauer-sucht-frau-traenen-danzig.webp\",\"@id\":\"https:\\\/\\\/farmersingles.de\\\/magazin\\\/bauer-sucht-frau\\\/bauer-sucht-frau-anna-heiser-traenen-danzig\\\/#mainImage\",\"width\":1200,\"height\":675,\"caption\":\"Anna Heiser aus Bauer sucht Frau\"},\"primaryImageOfPage\":{\"@id\":\"https:\\\/\\\/farmersingles.de\\\/magazin\\\/bauer-sucht-frau\\\/bauer-sucht-frau-anna-heiser-traenen-danzig\\\/#mainImage\"},\"datePublished\":\"2026-09-03T13:02:31+02:00\",\"dateModified\":\"2026-09-03T13:02:31+02:00\"},{\"@type\":\"WebSite\",\"@id\":\"https:\\\/\\\/farmersingles.de\\\/magazin\\\/#website\",\"url\":\"https:\\\/\\\/farmersingles.de\\\/magazin\\\/\",\"name\":\"FarmerSingles MAGAZIN\",\"alternateName\":\"TIPPS Partnersuche f\\u00fcr Landwirte und Singles vom Land\",\"description\":\"TIPPS F\\u00dcR SINGLES vom Land & BAUER SUCHT FRAU\",\"inLanguage\":\"de-DE\",\"publisher\":{\"@id\":\"https:\\\/\\\/farmersingles.de\\\/magazin\\\/#organization\"}}]}\n\t\t<\/script>\n\t\t<!-- All in One SEO Pro -->\r\n\t\t<title>Bauer sucht Frau: Anna Heiser k\u00e4mpft mit Tr\u00e4nen in Danzig<\/title>\n\n","aioseo_head_json":{"title":"Bauer sucht Frau: Anna Heiser k\u00e4mpft mit Tr\u00e4nen in Danzig","description":"Anna Heiser aus Bauer sucht Frau erinnert in Danzig an den 1. September 1939 \u2013 und k\u00e4mpft mit den Tr\u00e4nen. Was ihr Sohn Leon fragte.","canonical_url":"https:\/\/farmersingles.de\/magazin\/bauer-sucht-frau\/bauer-sucht-frau-anna-heiser-traenen-danzig\/","robots":"max-image-preview:large","keywords":"","webmasterTools":{"google-site-verification":"KEZ3cDM2NkJxOFs8eZsgARzq_2phF3da5NW-9GPDAEk","p:domain_verify":"0cc3c227a37cb21099f62c20f8ad6f6d","miscellaneous":""},"schema":{"@context":"https:\/\/schema.org","@graph":[{"@type":"BreadcrumbList","@id":"https:\/\/farmersingles.de\/magazin\/bauer-sucht-frau\/bauer-sucht-frau-anna-heiser-traenen-danzig\/#breadcrumblist","itemListElement":[{"@type":"ListItem","@id":"https:\/\/farmersingles.de\/magazin#listItem","position":1,"name":"Home","item":"https:\/\/farmersingles.de\/magazin","nextItem":{"@type":"ListItem","@id":"https:\/\/farmersingles.de\/magazin\/kategorie\/bauer-sucht-frau\/#listItem","name":"TV-News \"Bauer sucht Frau\""}},{"@type":"ListItem","@id":"https:\/\/farmersingles.de\/magazin\/kategorie\/bauer-sucht-frau\/#listItem","position":2,"name":"TV-News \"Bauer sucht Frau\"","item":"https:\/\/farmersingles.de\/magazin\/kategorie\/bauer-sucht-frau\/","nextItem":{"@type":"ListItem","@id":"https:\/\/farmersingles.de\/magazin\/bauer-sucht-frau\/bauer-sucht-frau-katarina-und-andreas-neuanfang\/#listItem","name":"Bauer sucht Frau: Katarina und Andreas \u2013 Ende und Neuanfang"},"previousItem":{"@type":"ListItem","@id":"https:\/\/farmersingles.de\/magazin#listItem","name":"Home"}},{"@type":"ListItem","@id":"https:\/\/farmersingles.de\/magazin\/bauer-sucht-frau\/bauer-sucht-frau-katarina-und-andreas-neuanfang\/#listItem","position":3,"name":"Bauer sucht Frau: Katarina und Andreas \u2013 Ende und Neuanfang","previousItem":{"@type":"ListItem","@id":"https:\/\/farmersingles.de\/magazin\/kategorie\/bauer-sucht-frau\/#listItem","name":"TV-News \"Bauer sucht Frau\""}}]},{"@type":"NewsArticle","@id":"https:\/\/farmersingles.de\/magazin\/bauer-sucht-frau\/bauer-sucht-frau-anna-heiser-traenen-danzig\/#newsarticle","name":"Bauer sucht Frau: Anna Heiser k\u00e4mpft mit Tr\u00e4nen in Danzig","headline":"Bauer sucht Frau: Anna Heiser k\u00e4mpft mit Tr\u00e4nen in Danzig","author":{"@id":"https:\/\/farmersingles.de\/magazin\/author\/tommy\/#author"},"publisher":{"@id":"https:\/\/farmersingles.de\/magazin\/#organization"},"image":{"@type":"ImageObject","url":"https:\/\/farmersingles.de\/magazin\/wp-content\/uploads\/anna-heiser-bauer-sucht-frau-traenen-danzig.webp","width":1200,"height":675,"caption":"Anna Heiser aus Bauer sucht Frau"},"datePublished":"2026-09-03T13:02:31+02:00","dateModified":"2026-09-03T13:02:31+02:00","inLanguage":"de-DE","mainEntityOfPage":{"@id":"https:\/\/farmersingles.de\/magazin\/bauer-sucht-frau\/bauer-sucht-frau-anna-heiser-traenen-danzig\/#webpage"},"isPartOf":{"@id":"https:\/\/farmersingles.de\/magazin\/bauer-sucht-frau\/bauer-sucht-frau-anna-heiser-traenen-danzig\/#webpage"},"articleSection":"TV-News \"Bauer sucht Frau\", Anna Heiser, Bauer sucht Frau, Gerald Heiser","dateline":"Ver\u00f6ffentlicht am September 3, 2026."},{"@type":"Organization","@id":"https:\/\/farmersingles.de\/magazin\/#organization","name":"FarmerSingles.de","description":"FarmerSingles.de ist die Singleb\u00f6rse f\u00fcr Landwirte und Singles vom Land. Im FarmerSingles Magazin findest du Tipps zur Partnersuche, Erfolgsgeschichten und News rund um Bauer sucht Frau.","url":"https:\/\/farmersingles.de\/magazin\/","email":"info@icony.com","foundingDate":"2025-02-01","numberOfEmployees":{"@type":"QuantitativeValue","minValue":0,"maxValue":10},"logo":{"@type":"ImageObject","url":"https:\/\/farmersingles.de\/magazin\/wp-content\/uploads\/farmersingles_logo_quadratisch.png","@id":"https:\/\/farmersingles.de\/magazin\/bauer-sucht-frau\/bauer-sucht-frau-anna-heiser-traenen-danzig\/#organizationLogo","width":1000,"height":1000,"caption":"Logo Farmersingles Magazin Partnerusche, Love Storys und Bauer"},"image":{"@id":"https:\/\/farmersingles.de\/magazin\/bauer-sucht-frau\/bauer-sucht-frau-anna-heiser-traenen-danzig\/#organizationLogo"},"sameAs":["https:\/\/www.facebook.com\/Farmersingles.de\/?locale=de_DE","https:\/\/www.youtube.com\/@JobSinglesDE"],"address":{"@id":"https:\/\/farmersingles.de\/magazin\/#postaladdress","@type":"PostalAddress","streetAddress":"Heinestra\u00dfe 72","postalCode":"72762","addressLocality":"Reutlingen","addressRegion":"Baden-W\u00fcrttemberg","addressCountry":"DE"},"vatID":"UStIdNr. DE307590617"},{"@type":"Person","@id":"https:\/\/farmersingles.de\/magazin\/author\/tommy\/#author","url":"https:\/\/farmersingles.de\/magazin\/author\/tommy\/","name":"Tommy Honold","image":{"@type":"ImageObject","@id":"https:\/\/farmersingles.de\/magazin\/bauer-sucht-frau\/bauer-sucht-frau-anna-heiser-traenen-danzig\/#authorImage","url":"https:\/\/farmersingles.de\/magazin\/wp-content\/uploads\/tommy_honold.jpg","width":1200,"height":1600},"sameAs":["https:\/\/facebook.com\/thomashonold1"],"description":"Tommy Honold: Vom K\u00fcchenmeister zum Content Creator - Ein Lebenslauf mit W\u00fcrze Tommy Honold, Jahrgang '77, ist ein Tausendsassa mit einer ungew\u00f6hnlichen Karriere. Vom \"commis de cuisine\" in der \"Mettnaustube\" (kein Witz, so hie\u00df das Restaurant wirklich!) \u00fcber den Meisterkoch bis hin zum Gesch\u00e4ftsf\u00fchrer von AUSGZEICHNET.ORG\u2013 Thomas hat schon einiges hinter sich. Sogar bei der Marine hat er als Koch gearbeitet! Doch Thomas ruhte sich nicht auf seinen Lorbeeren aus. Neben seiner Leidenschaft f\u00fcrs Kochen entdeckte er sein Talent als Unternehmer und gr\u00fcndete das Datingportal \"Jobsingles\" dazu geh\u00f6rt auch Farmersingles.de und Singlebuure.ch und zig andere Domains- Und jetzt? Jetzt erobert er die digitale Welt als Content Creator! Mit seinem spritzigen Humor und seinen vielf\u00e4ltigen Erfahrungen bringt er frischen Wind in die Social-Media-Landschaft. Ob er wohl auch Kochvideos macht? Man darf gespannt sein!!","jobTitle":"Redakteur","alumniOf":[{"@type":"EducationalOrganization","name":"Farmersingles.de","sameAs":"https:\/\/farmersingles.de\/magazin"},{"@type":"EducationalOrganization","name":"Jobsingles.de","sameAs":"https:\/\/jobsingles.de\/"},{"@type":"EducationalOrganization","name":"Singlebuure.ch","sameAs":"https:\/\/singlebuure.ch\/"}],"knowsAbout":[{"@type":"Thing","name":"Bauer Sucht Frau","url":"https:\/\/www.rtl.de\/sendungen\/bauer-sucht-frau\/"},{"@type":"Thing","name":"Partnersuche in der Landwirtschaft","url":"https:\/\/farmersingles.de\/magazin\/","sameAs":["https:\/\/farmersingles.de\/"]},{"@type":"Thing","name":"Online Partnersuche","url":"https:\/\/jobsingles.de\/magazin\/","sameAs":["https:\/\/jobsingles.de\/"]}],"award":["School of LIfe"],"knowsLanguage":["Eglisch","Deutsch","Franz\u00f6sisch"]},{"@type":"WebPage","@id":"https:\/\/farmersingles.de\/magazin\/bauer-sucht-frau\/bauer-sucht-frau-anna-heiser-traenen-danzig\/#webpage","url":"https:\/\/farmersingles.de\/magazin\/bauer-sucht-frau\/bauer-sucht-frau-anna-heiser-traenen-danzig\/","name":"Bauer sucht Frau: Anna Heiser k\u00e4mpft mit Tr\u00e4nen in Danzig","description":"Anna Heiser aus Bauer sucht Frau erinnert in Danzig an den 1. September 1939 \u2013 und k\u00e4mpft mit den Tr\u00e4nen. Was ihr Sohn Leon fragte.","inLanguage":"de-DE","isPartOf":{"@id":"https:\/\/farmersingles.de\/magazin\/#website"},"breadcrumb":{"@id":"https:\/\/farmersingles.de\/magazin\/bauer-sucht-frau\/bauer-sucht-frau-anna-heiser-traenen-danzig\/#breadcrumblist"},"author":{"@id":"https:\/\/farmersingles.de\/magazin\/author\/tommy\/#author"},"creator":{"@id":"https:\/\/farmersingles.de\/magazin\/author\/tommy\/#author"},"image":{"@type":"ImageObject","url":"https:\/\/farmersingles.de\/magazin\/wp-content\/uploads\/anna-heiser-bauer-sucht-frau-traenen-danzig.webp","@id":"https:\/\/farmersingles.de\/magazin\/bauer-sucht-frau\/bauer-sucht-frau-anna-heiser-traenen-danzig\/#mainImage","width":1200,"height":675,"caption":"Anna Heiser aus Bauer sucht Frau"},"primaryImageOfPage":{"@id":"https:\/\/farmersingles.de\/magazin\/bauer-sucht-frau\/bauer-sucht-frau-anna-heiser-traenen-danzig\/#mainImage"},"datePublished":"2026-09-03T13:02:31+02:00","dateModified":"2026-09-03T13:02:31+02:00"},{"@type":"WebSite","@id":"https:\/\/farmersingles.de\/magazin\/#website","url":"https:\/\/farmersingles.de\/magazin\/","name":"FarmerSingles MAGAZIN","alternateName":"TIPPS Partnersuche f\u00fcr Landwirte und Singles vom Land","description":"TIPPS F\u00dcR SINGLES vom Land & BAUER SUCHT FRAU","inLanguage":"de-DE","publisher":{"@id":"https:\/\/farmersingles.de\/magazin\/#organization"}}]},"og:locale":"de_DE","og:site_name":"FarmerSingles MAGAZIN | TIPPS F\u00dcR SINGLES vom Land &amp; BAUER SUCHT FRAU","og:type":"article","og:title":"Bauer sucht Frau: Anna Heiser k\u00e4mpft mit Tr\u00e4nen in Danzig","og:description":"Anna Heiser aus Bauer sucht Frau erinnert in Danzig an den 1. September 1939 \u2013 und k\u00e4mpft mit den Tr\u00e4nen. Was ihr Sohn Leon fragte.","og:url":"https:\/\/farmersingles.de\/magazin\/bauer-sucht-frau\/bauer-sucht-frau-anna-heiser-traenen-danzig\/","og:image":"https:\/\/farmersingles.de\/magazin\/wp-content\/uploads\/cropped-JS-logo-Menu-orange-2.png","og:image:secure_url":"https:\/\/farmersingles.de\/magazin\/wp-content\/uploads\/cropped-JS-logo-Menu-orange-2.png","og:image:width":240,"og:image:height":240,"article:published_time":"2026-09-03T11:02:31+00:00","article:modified_time":"2026-09-03T11:02:31+00:00","article:publisher":"https:\/\/www.facebook.com\/Farmersingles.de\/?locale=de_DE","article:author":"https:\/\/facebook.com\/thomashonold1"},"aioseo_meta_data":{"post_id":"10738","title":"Bauer sucht Frau: Katarina und Andreas \u2013 Ende und Neuanfang","description":"Katarina und Andreas aus Bauer sucht Frau International: Warum trennten sie sich und was macht Katarina jetzt? Das Liebes-Update 2026.","keywords":null,"keyphrases":{"focus":{"keyphrase":"Katarina und Andreas","score":0,"analysis":[]},"additional":[]},"primary_term":null,"canonical_url":null,"og_title":null,"og_description":null,"og_object_type":"default","og_image_type":"default","og_image_url":null,"og_image_width":null,"og_image_height":null,"og_image_custom_url":null,"og_image_custom_fields":null,"og_video":null,"og_custom_url":null,"og_article_section":null,"og_article_tags":null,"twitter_use_og":false,"twitter_card":"default","twitter_image_type":"default","twitter_image_url":null,"twitter_image_custom_url":null,"twitter_image_custom_fields":null,"twitter_title":null,"twitter_description":null,"schema":{"blockGraphs":[],"customGraphs":[],"default":{"data":{"Article":[],"Course":[],"Dataset":[],"FAQPage":[],"Movie":[],"Person":[],"Product":[],"ProductReview":[],"Car":[],"Recipe":[],"Service":[],"SoftwareApplication":[],"WebPage":[]},"graphName":"","isEnabled":true},"graphs":[]},"schema_type":"default","schema_type_options":null,"pillar_content":false,"robots_default":true,"robots_noindex":false,"robots_noarchive":false,"robots_nosnippet":false,"robots_nofollow":false,"robots_noimageindex":false,"robots_noodp":false,"robots_notranslate":false,"robots_max_snippet":null,"robots_max_videopreview":null,"robots_max_imagepreview":"large","priority":null,"frequency":null,"location":null,"local_seo":null,"seo_analyzer_scan_date":"2026-09-04 05:21:59","breadcrumb_settings":null,"limit_modified_date":false,"reviewed_by":null,"open_ai":null,"ai":null,"created":"2026-09-03 05:16:14","updated":"2026-09-04 05:21:59","focus_keyword":"Katarina und Andreas","additional_keywords":null,"truseo_locale":null},"aioseo_breadcrumb":"<div class=\"aioseo-breadcrumbs\"><span class=\"aioseo-breadcrumb\">\n\t<a href=\"https:\/\/farmersingles.de\/magazin\" title=\"Home\">Home<\/a>\n<\/span><span class=\"aioseo-breadcrumb-separator\">\u00bb<\/span><span class=\"aioseo-breadcrumb\">\n\t<a href=\"https:\/\/farmersingles.de\/magazin\/kategorie\/bauer-sucht-frau\/\" title=\"TV-News\">TV-News \"Bauer sucht Frau\"<\/a>\n<\/span><span class=\"aioseo-breadcrumb-separator\">\u00bb<\/span><span class=\"aioseo-breadcrumb\">\n\tBauer sucht Frau: Katarina und Andreas \u2013 Ende und Neuanfang\n<\/span><\/div>","aioseo_breadcrumb_json":[{"label":"Home","link":"https:\/\/farmersingles.de\/magazin"},{"label":"TV-News \"Bauer sucht Frau\"","link":"https:\/\/farmersingles.de\/magazin\/kategorie\/bauer-sucht-frau\/"},{"label":"Bauer sucht Frau: Katarina und Andreas \u2013 Ende und Neuanfang","link":"https:\/\/farmersingles.de\/magazin\/bauer-sucht-frau\/bauer-sucht-frau-katarina-und-andreas-neuanfang\/"}],"_links":{"self":[{"href":"https:\/\/farmersingles.de\/magazin\/wp-json\/wp\/v2\/posts\/10738","targetHints":{"allow":["GET"]}}],"collection":[{"href":"https:\/\/farmersingles.de\/magazin\/wp-json\/wp\/v2\/posts"}],"about":[{"href":"https:\/\/farmersingles.de\/magazin\/wp-json\/wp\/v2\/types\/post"}],"author":[{"embeddable":true,"href":"https:\/\/farmersingles.de\/magazin\/wp-json\/wp\/v2\/users\/3"}],"replies":[{"embeddable":true,"href":"https:\/\/farmersingles.de\/magazin\/wp-json\/wp\/v2\/comments?post=10738"}],"version-history":[{"count":1,"href":"https:\/\/farmersingles.de\/magazin\/wp-json\/wp\/v2\/posts\/10738\/revisions"}],"predecessor-version":[{"id":10757,"href":"https:\/\/farmersingles.de\/magazin\/wp-json\/wp\/v2\/posts\/10738\/revisions\/10757"}],"wp:featuredmedia":[{"embeddable":true,"href":"https:\/\/farmersingles.de\/magazin\/wp-json\/wp\/v2\/media\/10736"}],"wp:attachment":[{"href":"https:\/\/farmersingles.de\/magazin\/wp-json\/wp\/v2\/media?parent=10738"}],"wp:term":[{"taxonomy":"category","embeddable":true,"href":"https:\/\/farmersingles.de\/magazin\/wp-json\/wp\/v2\/categories?post=10738"},{"taxonomy":"post_tag","embeddable":true,"href":"https:\/\/farmersingles.de\/magazin\/wp-json\/wp\/v2\/tags?post=10738"}],"curies":[{"name":"wp","href":"https:\/\/api.w.org\/{rel}","templated":true}]}}