{"id":10765,"date":"2026-09-05T21:16:08","date_gmt":"2026-09-05T19:16:08","guid":{"rendered":"https:\/\/farmersingles.de\/magazin\/?p=10765"},"modified":"2026-09-06T07:31:00","modified_gmt":"2026-09-06T05:31:00","slug":"bauer-sucht-frau-anna-gerald-heiser-ein-jahr-polen","status":"publish","type":"post","link":"https:\/\/farmersingles.de\/magazin\/bauer-sucht-frau\/bauer-sucht-frau-anna-gerald-heiser-ein-jahr-polen\/","title":{"rendered":"Bauer sucht Frau: Anna Heiser \u2013 Ein Jahr in Polen"},"content":{"rendered":"<p>Foto: RTL \/ Bauer sucht Frau<\/p>\n\n\n<figure class=\"wp-block-embed is-type-video is-provider-youtube wp-block-embed-youtube wp-embed-aspect-9-16 wp-has-aspect-ratio\"><div class=\"wp-block-embed__wrapper\">\n<iframe hcb-fetch-image-from=\"https:\/\/www.youtube.com\/watch?v=viD47jfSuEM\" title=\"Bauer sucht Frau: Anna Heiser \u2013 Ein Jahr in Polen\" width=\"910\" height=\"683\" src=\"https:\/\/www.youtube.com\/embed\/viD47jfSuEM?feature=oembed\" frameborder=\"0\" allow=\"accelerometer; autoplay; clipboard-write; encrypted-media; gyroscope; picture-in-picture; web-share\" referrerpolicy=\"strict-origin-when-cross-origin\" allowfullscreen><\/iframe>\n<\/div><\/figure>\n\n\n\n<p><em>Anna und Gerald Heiser aus Bauer sucht Frau feiern ein besonderes Jubil\u00e4um \u2014 genau ein Jahr ist es her, dass die Familie Namibia verlassen hat und nach Polen zur\u00fcckgekehrt ist.<\/em><\/p>\n\n<div class=\"callout-box\">\n<p><strong>&#x1f4cc; Das Wichtigste auf einen Blick<\/strong><\/p>\n<ul>\n<li><strong>Vor genau zw\u00f6lf Monaten sind Anna (36) und Gerald Heiser (41) mit Leon und Alina von der Namibia-Farm nach Polen gezogen<\/strong><\/li>\n<li><strong>Grund war die drohende Pleite der Farm \u2014 kein spontaner Trip, sondern ein handfester Neustart<\/strong><\/li>\n<li><strong>Zum Jahrestag zeigt Anna auf Instagram ihr Zuhause schonungslos ehrlich \u2014 mit Umzugskisten-Resten statt Hochglanz<\/strong><\/li>\n<\/ul>\n<\/div>\n\n<h2><a href=\"https:\/\/farmersingles.de\/magazin\/kategorie\/bauer-sucht-frau\/\">Bauer sucht Frau<\/a>: Anna und Gerald Heiser \u2014 Ein Jahr zur\u00fcck in Polen<\/h2>\n\n<p>Vor genau zw\u00f6lf Monaten hat <strong>Anna Heiser (36)<\/strong> mit ihrem Mann <strong>Gerald Heiser (41)<\/strong> und den Kindern Leon und Alina der Farm in Namibia Adieu gesagt und ist zur\u00fcck in ihre alte Heimat Polen gezogen. Der Umzug war ein handfester Neustart: Das Paar aus <strong>Bauer sucht Frau<\/strong> wollte damit der drohenden Pleite der Farm entkommen. P\u00fcnktlich zum Jahrestag meldet sich <strong>Anna<\/strong> nun auf Instagram, mit einem R\u00fcckblick, der ehrlicher ausf\u00e4llt als die meisten Reality-TV-Updates.<\/p>\n\n<div class=\"related-post\" style=\"border-top: 1px solid #ccc; border-bottom: 1px solid #ccc; padding: 10px 0;\">        <div style=\"display: flex; align-items: center; margin-bottom: 10px;\"> \r\n          <a href=\"https:\/\/farmersingles.de\/magazin\/bauer-sucht-frau\/bauer-sucht-frau-international-ariane-turner-finale-fans\/\">\r\n                          <div class=\"related-post-thumbnail\" style=\"width: 75px; height: 75px; margin-right: 10px;\"> \r\n                <img decoding=\"async\" width=\"150\" height=\"150\" src=\"https:\/\/farmersingles.de\/magazin\/wp-content\/uploads\/bsf-international-ariane-turner-finale-150x150.webp\" class=\"attachment-thumbnail size-thumbnail wp-post-image\" alt=\"Ariane und Turner aus Bauer sucht Frau International \u2014 Finale Staffel 8 2026\" \/>              <\/div>\r\n                      <\/a>\r\n          <a href=\"https:\/\/farmersingles.de\/magazin\/bauer-sucht-frau\/bauer-sucht-frau-international-ariane-turner-finale-fans\/\" style=\"word-break: break-word; max-width: 70%; font-weight: bold; text-transform: uppercase;\"> \r\n            Bauer sucht Frau International: Ariane und Turner \u2013 Finale          <\/a>\r\n        <\/div>\r\n      <\/div>\n\n\n<h3>Bauer sucht Frau: Annas ehrlicher Blick ins unfertige Zuhause<\/h3>\n\n<p>Lange hatte <strong>Anna<\/strong> auf den perfekten Instamoment gewartet: alle M\u00f6bel am richtigen Fleck, jeder Spiegel h\u00e4ngt, keine Baustelle mehr in Sicht. Nur \u2014 dieser Moment kam nie. Statt einer Hochglanzwohnung zeigt sie jetzt schonungslos, wie es bei ihr wirklich aussieht: Bilderrahmen, die noch immer auf ihren Platz an der Wand warten, Spielzeug, das herumliegt, W\u00e4nde, die noch nicht fertig gestrichen sind. <strong>Bauer sucht Frau<\/strong>-Fans reagierten \u00fcberwiegend positiv auf den ungesch\u00f6nten Einblick. Lesen Sie auch: <a href=\"https:\/\/farmersingles.de\/magazin\/bauer-sucht-frau\/bauer-sucht-frau-anna-heiser-traenen-danzig\/\">Anna Heiser k\u00e4mpfte mit Tr\u00e4nen in Danzig<\/a> \u2014 wie die ersten Tage in der neuen Heimat vor einem Jahr wirklich verliefen.<\/p>\n\n<iframe src=\"https:\/\/js.icony.com\/frame\/?w=300&h=300&t=4&pc=429A45&id=farmersingles&aid=farmersinglesmagazin\"\r\n  title=\"Finde jetzt Deinen Landwirtflirt \u2013 kostenlos anmelden\" loading=\"lazy\"\r\n  style=\"width:300px;max-width:100%;height:300px;border:0;display:block;margin:24px auto;\"><\/iframe>\r\n\n\n\n<h3>Bauer sucht Frau: Warum M\u00f6bel aus Namibia mit nach Polen wanderten<\/h3>\n\n<p>Beim Umzug sind jede Menge M\u00f6belst\u00fccke aus Namibia mit nach Polen gewandert \u2014 urspr\u00fcnglich war das gar nicht <strong>Annas<\/strong> Plan. Sie wollte reinen Tisch machen: \u201eIch wollte diesen Lebensabschnitt hinter mir lassen, neu anfangen und m\u00f6glichst wenig mitnehmen&#8220;, gesteht sie r\u00fcckblickend. Am Ende war es <strong>Gerald<\/strong>, der sie \u00fcberredet hat, die vertrauten St\u00fccke doch einzupacken. Im Nachhinein ist sie froh dar\u00fcber. Auch anderswo in <strong>Bauer sucht Frau<\/strong> sorgten zuletzt gro\u00dfe Gef\u00fchle: <a href=\"https:\/\/farmersingles.de\/magazin\/bauer-sucht-frau\/bauer-sucht-frau-international-ariane-turner-finale-fans\/\">Das Staffel-8-Finale von Bauer sucht Frau International<\/a> lie\u00df die Fans nicht kalt.<\/p>\n\n<div class=\"related-posts\" style=\"border-top: 1px solid #ccc; border-bottom: 1px solid #ccc; padding: 10px 0;\">        <div style=\"display: flex; align-items: center; margin-bottom: 10px;\"> \r\n          <a href=\"https:\/\/farmersingles.de\/magazin\/bauer-sucht-frau\/bauer-sucht-frau-international-maike-namibia\/\">\r\n                          <div class=\"related-post-thumbnail\" style=\"width: 75px; height: 75px; margin-right: 10px;\"> \r\n                <img decoding=\"async\" width=\"150\" height=\"150\" src=\"https:\/\/farmersingles.de\/magazin\/wp-content\/uploads\/maike-bsf-international-namibia-rinderfarm-150x150.jpg\" class=\"attachment-thumbnail size-thumbnail wp-post-image\" alt=\"Maike aus Bauer sucht Frau International \u2014 j\u00fcngste Kandidatin auf ihrer Rinderfarm in Namibia\" \/>              <\/div>\r\n                      <\/a>\r\n          <a href=\"https:\/\/farmersingles.de\/magazin\/bauer-sucht-frau\/bauer-sucht-frau-international-maike-namibia\/\" style=\"word-break: break-word; max-width: 70%; font-weight: bold; text-transform: uppercase;\"> \r\n            Bauer sucht Frau International: Maike aus Namibia          <\/a>\r\n        <\/div>\r\n      <\/div>\n\n\n<p style=\"text-align:center\"><a class=\"cta-button\" style=\"background:#429A45;color:#fff;padding:14px 28px;border-radius:8px;text-decoration:none;font-weight:bold;font-size:16px;display:inline-block;\" href=\"https:\/\/farmersingles.de\/?AID=FarmersinglesMagazin\" rel=\"nofollow\">Jetzt kostenfrei auf Farmersingles registrieren<\/a><\/p>\n\n<ul>\n<li><strong>Anna und Gerald Heiser verlie\u00dfen die Namibia-Farm vor genau einem Jahr<\/strong><\/li>\n<li><strong>Grund: die drohende Pleite der Farm \u2014 Neustart statt Notl\u00f6sung<\/strong><\/li>\n<li><strong>Anna zeigt zum Jahrestag ihr noch unfertiges Zuhause in Polen \u2014 ganz ohne Filter<\/strong><\/li>\n<li><strong>M\u00f6bel aus Namibia zogen mit um, auf Geralds Wunsch hin<\/strong><\/li>\n<li><strong>Paar aus Bauer sucht Frau seit 2018 verheiratet, 2017 kennengelernt<\/strong><\/li>\n<\/ul>\n\n<p><em>Jetzt kostenfrei auf Farmersingles registrieren<\/em><\/p>\n\n<div class=\"faq-section\" style=\"margin:32px 0;\">\n<h2>H\u00e4ufige Fragen zu Anna und Gerald Heiser<\/h2>\n<details style=\"border-bottom:1px solid #e0e0e0;margin-bottom:12px;padding-bottom:12px;\">\n<summary style=\"font-weight:bold;font-size:16px;cursor:pointer;padding:8px 0;\">Warum sind Anna und Gerald Heiser von Namibia nach Polen gezogen?<\/summary>\n<p style=\"padding:8px 0 0 0;color:#444;\">Die Farm der Heisers in Namibia stand vor der Pleite. Vor genau einem Jahr entschied sich das Paar aus Bauer sucht Frau f\u00fcr den Neustart in Annas Heimat Polen.<\/p>\n<\/details>\n<details style=\"border-bottom:1px solid #e0e0e0;margin-bottom:12px;padding-bottom:12px;\">\n<summary style=\"font-weight:bold;font-size:16px;cursor:pointer;padding:8px 0;\">Wie sieht das neue Zuhause von Anna Heiser in Polen aus?<\/summary>\n<p style=\"padding:8px 0 0 0;color:#444;\">Zum Ein-Jahres-Jubil\u00e4um zeigt Anna Heiser auf Instagram ein bewusst ungesch\u00f6ntes Bild: noch nicht aufgeh\u00e4ngte Bilderrahmen, herumliegendes Spielzeug und W\u00e4nde, die noch nicht fertig gestrichen sind \u2014 statt einer Hochglanzwohnung.<\/p>\n<\/details>\n<details style=\"border-bottom:1px solid #e0e0e0;margin-bottom:12px;padding-bottom:12px;\">\n<summary style=\"font-weight:bold;font-size:16px;cursor:pointer;padding:8px 0;\">Wie haben sich Anna und Gerald Heiser kennengelernt?<\/summary>\n<p style=\"padding:8px 0 0 0;color:#444;\">Anna und Gerald Heiser lernten sich 2017 in der RTL-Kuppelshow Bauer sucht Frau kennen. 2018 heirateten sie \u2014 einmal in Annas Heimat Polen und einmal in Namibia.<\/p>\n<\/details>\n<details style=\"border-bottom:1px solid #e0e0e0;margin-bottom:12px;padding-bottom:12px;\">\n<summary style=\"font-weight:bold;font-size:16px;cursor:pointer;padding:8px 0;\">Wie viele Kinder haben Anna und Gerald Heiser?<\/summary>\n<p style=\"padding:8px 0 0 0;color:#444;\">Anna und Gerald Heiser haben zwei Kinder: Sohn Leon und Tochter Alina. Beide sind mit der Familie von Namibia nach Polen gezogen.<\/p>\n<\/details>\n<\/div>\n\n<script type=\"application\/ld+json\">{\"@context\":\"https:\/\/schema.org\",\"@type\":\"FAQPage\",\"mainEntity\":[{\"@type\":\"Question\",\"name\":\"Warum sind Anna und Gerald Heiser von Namibia nach Polen gezogen?\",\"acceptedAnswer\":{\"@type\":\"Answer\",\"text\":\"Die Farm der Heisers in Namibia stand vor der Pleite. Vor genau einem Jahr entschied sich das Paar aus Bauer sucht Frau f\u00fcr den Neustart in Annas Heimat Polen.\"}},{\"@type\":\"Question\",\"name\":\"Wie sieht das neue Zuhause von Anna Heiser in Polen aus?\",\"acceptedAnswer\":{\"@type\":\"Answer\",\"text\":\"Zum Ein-Jahres-Jubil\u00e4um zeigt Anna Heiser auf Instagram ein bewusst ungesch\u00f6ntes Bild: noch nicht aufgeh\u00e4ngte Bilderrahmen, herumliegendes Spielzeug und W\u00e4nde, die noch nicht fertig gestrichen sind \u2014 statt einer Hochglanzwohnung.\"}},{\"@type\":\"Question\",\"name\":\"Wie haben sich Anna und Gerald Heiser kennengelernt?\",\"acceptedAnswer\":{\"@type\":\"Answer\",\"text\":\"Anna und Gerald Heiser lernten sich 2017 in der RTL-Kuppelshow Bauer sucht Frau kennen. 2018 heirateten sie \u2014 einmal in Annas Heimat Polen und einmal in Namibia.\"}},{\"@type\":\"Question\",\"name\":\"Wie viele Kinder haben Anna und Gerald Heiser?\",\"acceptedAnswer\":{\"@type\":\"Answer\",\"text\":\"Anna und Gerald Heiser haben zwei Kinder: Sohn Leon und Tochter Alina. Beide sind mit der Familie von Namibia nach Polen gezogen.\"}}]}<\/script>\n\n<script type=\"application\/ld+json\">{\"@context\":\"https:\/\/schema.org\",\"@type\":\"NewsArticle\",\"headline\":\"Bauer sucht Frau: Anna Heiser \u2013 Ein Jahr in Polen\",\"datePublished\":\"2026-09-05T00:00:00+02:00\",\"author\":{\"@type\":\"Person\",\"name\":\"Redaktion\"},\"image\":\"https:\/\/farmersingles.de\/magazin\/wp-content\/uploads\/anna-heiser-traumhaus-polen.webp\"}<\/script>\n\n\n\n\n<p class=\"wp-block-paragraph\">Inzwischen hat Anna auf Instagram einen weiteren Einblick gew\u00e4hrt: In ihrer <a href=\"https:\/\/farmersingles.de\/magazin\/bauer-sucht-frau\/bauer-sucht-frau-anna-heiser-roomtour-polen\/\">Roomtour zeigt sie das gemeinsame Familienzuhause<\/a> in Polen \u2013 mit liebevoll eingerichteten Kinderzimmern, offener K\u00fcche und einem Heim, das zur echten Heimat geworden ist.<\/p>\n\n\n<p style=\"font-size:13px;color:#888;\">Bildquelle: <a href=\"https:\/\/www.rtl.de\/sendungen\/bauer-sucht-frau\/\" rel=\"nofollow\" target=\"_blank\">RTL \/ Bauer sucht Frau<\/a><\/p>\n\n<script async src=\"https:\/\/pagead2.googlesyndication.com\/pagead\/js\/adsbygoogle.js?client=ca-pub-7983820903707395\"\r\n     crossorigin=\"anonymous\"><\/script>\r\n<ins class=\"adsbygoogle\"\r\n     style=\"display:block; text-align:center;\"\r\n     data-ad-layout=\"in-article\"\r\n     data-ad-format=\"fluid\"\r\n     data-ad-client=\"ca-pub-7983820903707395\"\r\n     data-ad-slot=\"1676608972\"><\/ins>\r\n<script>\r\n     (adsbygoogle = window.adsbygoogle || []).push({});\r\n<\/script>\n\n","protected":false},"excerpt":{"rendered":"<p>Foto: RTL \/ Bauer sucht Frau Anna und Gerald Heiser aus Bauer sucht Frau feiern ein besonderes Jubil\u00e4um \u2014 genau<\/p>\n","protected":false},"author":3,"featured_media":10763,"comment_status":"open","ping_status":"open","sticky":false,"template":"","format":"standard","meta":{"_monsterinsights_skip_tracking":false,"footnotes":""},"categories":[10],"tags":[288,208,380],"class_list":["post-10765","post","type-post","status-publish","format-standard","has-post-thumbnail","hentry","category-bauer-sucht-frau","tag-anna-heiser","tag-bauer-sucht-frau","tag-gerald-heiser","comments-off"],"aioseo_notices":[],"aioseo_head":"\n\t\t<!-- All in One SEO Pro 5.0.1.1 - aioseo.com -->\n\t<meta name=\"description\" content=\"Ariane und Turner bei Bauer sucht Frau International Staffel 8: der emotionale Abbruch und was danach wirklich passierte.\" \/>\n\t<meta name=\"robots\" content=\"max-image-preview:large\" \/>\n\t<meta name=\"author\" content=\"Tommy Honold\"\/>\n\t<meta name=\"google-site-verification\" content=\"KEZ3cDM2NkJxOFs8eZsgARzq_2phF3da5NW-9GPDAEk\" \/>\n\t<meta name=\"p:domain_verify\" content=\"0cc3c227a37cb21099f62c20f8ad6f6d\" \/>\n\t<link rel=\"canonical\" href=\"https:\/\/farmersingles.de\/magazin\/bauer-sucht-frau\/bauer-sucht-frau-international-ariane-turner-finale-fans\/\" \/>\n\t<meta name=\"generator\" content=\"All in One SEO Pro (AIOSEO) 5.0.1.1\" \/>\n\t\t<meta property=\"og:locale\" content=\"de_DE\" \/>\n\t\t<meta property=\"og:site_name\" content=\"FarmerSingles MAGAZIN | TIPPS F\u00dcR SINGLES vom Land &amp; BAUER SUCHT FRAU\" \/>\n\t\t<meta property=\"og:type\" content=\"article\" \/>\n\t\t<meta property=\"og:title\" content=\"Bauer sucht Frau International: Ariane und Turner \u2013 Finale\" \/>\n\t\t<meta property=\"og:description\" content=\"Ariane und Turner bei Bauer sucht Frau International Staffel 8: der emotionale Abbruch und was danach wirklich passierte.\" \/>\n\t\t<meta property=\"og:url\" content=\"https:\/\/farmersingles.de\/magazin\/bauer-sucht-frau\/bauer-sucht-frau-international-ariane-turner-finale-fans\/\" \/>\n\t\t<meta property=\"og:image\" content=\"https:\/\/farmersingles.de\/magazin\/wp-content\/uploads\/cropped-JS-logo-Menu-orange-2.png\" \/>\n\t\t<meta property=\"og:image:secure_url\" content=\"https:\/\/farmersingles.de\/magazin\/wp-content\/uploads\/cropped-JS-logo-Menu-orange-2.png\" \/>\n\t\t<meta property=\"og:image:width\" content=\"240\" \/>\n\t\t<meta property=\"og:image:height\" content=\"240\" \/>\n\t\t<meta property=\"article:published_time\" content=\"2026-09-05T11:01:54+00:00\" \/>\n\t\t<meta property=\"article:modified_time\" content=\"2026-09-05T20:18:05+00:00\" \/>\n\t\t<meta property=\"article:publisher\" content=\"https:\/\/www.facebook.com\/Farmersingles.de\/?locale=de_DE\" \/>\n\t\t<meta property=\"article:author\" content=\"https:\/\/facebook.com\/thomashonold1\" \/>\n\t\t<script type=\"application\/ld+json\" class=\"aioseo-schema\">\n\t\t\t{\"@context\":\"https:\\\/\\\/schema.org\",\"@graph\":[{\"@type\":\"BreadcrumbList\",\"@id\":\"https:\\\/\\\/farmersingles.de\\\/magazin\\\/bauer-sucht-frau\\\/bauer-sucht-frau-international-ariane-turner-finale-fans\\\/#breadcrumblist\",\"itemListElement\":[{\"@type\":\"ListItem\",\"@id\":\"https:\\\/\\\/farmersingles.de\\\/magazin#listItem\",\"position\":1,\"name\":\"Home\",\"item\":\"https:\\\/\\\/farmersingles.de\\\/magazin\",\"nextItem\":{\"@type\":\"ListItem\",\"@id\":\"https:\\\/\\\/farmersingles.de\\\/magazin\\\/kategorie\\\/bauer-sucht-frau\\\/#listItem\",\"name\":\"TV-News \\\"Bauer sucht Frau\\\"\"}},{\"@type\":\"ListItem\",\"@id\":\"https:\\\/\\\/farmersingles.de\\\/magazin\\\/kategorie\\\/bauer-sucht-frau\\\/#listItem\",\"position\":2,\"name\":\"TV-News \\\"Bauer sucht Frau\\\"\",\"item\":\"https:\\\/\\\/farmersingles.de\\\/magazin\\\/kategorie\\\/bauer-sucht-frau\\\/\",\"nextItem\":{\"@type\":\"ListItem\",\"@id\":\"https:\\\/\\\/farmersingles.de\\\/magazin\\\/bauer-sucht-frau\\\/bauer-sucht-frau-anna-gerald-heiser-ein-jahr-polen\\\/#listItem\",\"name\":\"Bauer sucht Frau: Anna Heiser \\u2013 Ein Jahr in Polen\"},\"previousItem\":{\"@type\":\"ListItem\",\"@id\":\"https:\\\/\\\/farmersingles.de\\\/magazin#listItem\",\"name\":\"Home\"}},{\"@type\":\"ListItem\",\"@id\":\"https:\\\/\\\/farmersingles.de\\\/magazin\\\/bauer-sucht-frau\\\/bauer-sucht-frau-anna-gerald-heiser-ein-jahr-polen\\\/#listItem\",\"position\":3,\"name\":\"Bauer sucht Frau: Anna Heiser \\u2013 Ein Jahr in Polen\",\"previousItem\":{\"@type\":\"ListItem\",\"@id\":\"https:\\\/\\\/farmersingles.de\\\/magazin\\\/kategorie\\\/bauer-sucht-frau\\\/#listItem\",\"name\":\"TV-News \\\"Bauer sucht Frau\\\"\"}}]},{\"@type\":\"NewsArticle\",\"@id\":\"https:\\\/\\\/farmersingles.de\\\/magazin\\\/bauer-sucht-frau\\\/bauer-sucht-frau-international-ariane-turner-finale-fans\\\/#newsarticle\",\"name\":\"Bauer sucht Frau International: Ariane und Turner \\u2013 Finale\",\"headline\":\"Bauer sucht Frau International: Ariane und Turner \\u2013 Finale\",\"author\":{\"@id\":\"https:\\\/\\\/farmersingles.de\\\/magazin\\\/author\\\/tommy\\\/#author\"},\"publisher\":{\"@id\":\"https:\\\/\\\/farmersingles.de\\\/magazin\\\/#organization\"},\"image\":{\"@type\":\"ImageObject\",\"url\":\"https:\\\/\\\/farmersingles.de\\\/magazin\\\/wp-content\\\/uploads\\\/bsf-international-ariane-turner-finale.webp\",\"width\":1280,\"height\":720,\"caption\":\"Ariane und Turner bei Bauer sucht Frau International Staffel 8\"},\"datePublished\":\"2026-09-05T13:01:54+02:00\",\"dateModified\":\"2026-09-05T22:18:05+02:00\",\"inLanguage\":\"de-DE\",\"mainEntityOfPage\":{\"@id\":\"https:\\\/\\\/farmersingles.de\\\/magazin\\\/bauer-sucht-frau\\\/bauer-sucht-frau-international-ariane-turner-finale-fans\\\/#webpage\"},\"isPartOf\":{\"@id\":\"https:\\\/\\\/farmersingles.de\\\/magazin\\\/bauer-sucht-frau\\\/bauer-sucht-frau-international-ariane-turner-finale-fans\\\/#webpage\"},\"articleSection\":\"TV-News \\\"Bauer sucht Frau\\\", Ariane, Bauer sucht Frau, Turner\",\"dateline\":\"Ver\\u00f6ffentlicht am September 5, 2026.\"},{\"@type\":\"Organization\",\"@id\":\"https:\\\/\\\/farmersingles.de\\\/magazin\\\/#organization\",\"name\":\"FarmerSingles.de\",\"description\":\"FarmerSingles.de ist die Singleb\\u00f6rse f\\u00fcr Landwirte und Singles vom Land. Im FarmerSingles Magazin findest du Tipps zur Partnersuche, Erfolgsgeschichten und News rund um Bauer sucht Frau.\",\"url\":\"https:\\\/\\\/farmersingles.de\\\/magazin\\\/\",\"email\":\"info@icony.com\",\"foundingDate\":\"2025-02-01\",\"numberOfEmployees\":{\"@type\":\"QuantitativeValue\",\"minValue\":0,\"maxValue\":10},\"logo\":{\"@type\":\"ImageObject\",\"url\":\"https:\\\/\\\/farmersingles.de\\\/magazin\\\/wp-content\\\/uploads\\\/farmersingles_logo_quadratisch.png\",\"@id\":\"https:\\\/\\\/farmersingles.de\\\/magazin\\\/bauer-sucht-frau\\\/bauer-sucht-frau-international-ariane-turner-finale-fans\\\/#organizationLogo\",\"width\":1000,\"height\":1000,\"caption\":\"Logo Farmersingles Magazin Partnerusche, Love Storys und Bauer\"},\"image\":{\"@id\":\"https:\\\/\\\/farmersingles.de\\\/magazin\\\/bauer-sucht-frau\\\/bauer-sucht-frau-international-ariane-turner-finale-fans\\\/#organizationLogo\"},\"sameAs\":[\"https:\\\/\\\/www.facebook.com\\\/Farmersingles.de\\\/?locale=de_DE\",\"https:\\\/\\\/www.youtube.com\\\/@JobSinglesDE\"],\"address\":{\"@id\":\"https:\\\/\\\/farmersingles.de\\\/magazin\\\/#postaladdress\",\"@type\":\"PostalAddress\",\"streetAddress\":\"Heinestra\\u00dfe 72\",\"postalCode\":\"72762\",\"addressLocality\":\"Reutlingen\",\"addressRegion\":\"Baden-W\\u00fcrttemberg\",\"addressCountry\":\"DE\"},\"vatID\":\"UStIdNr. DE307590617\"},{\"@type\":\"Person\",\"@id\":\"https:\\\/\\\/farmersingles.de\\\/magazin\\\/author\\\/tommy\\\/#author\",\"url\":\"https:\\\/\\\/farmersingles.de\\\/magazin\\\/author\\\/tommy\\\/\",\"name\":\"Tommy Honold\",\"image\":{\"@type\":\"ImageObject\",\"@id\":\"https:\\\/\\\/farmersingles.de\\\/magazin\\\/bauer-sucht-frau\\\/bauer-sucht-frau-international-ariane-turner-finale-fans\\\/#authorImage\",\"url\":\"https:\\\/\\\/farmersingles.de\\\/magazin\\\/wp-content\\\/uploads\\\/tommy_honold.jpg\",\"width\":1200,\"height\":1600},\"sameAs\":[\"https:\\\/\\\/facebook.com\\\/thomashonold1\"],\"description\":\"Tommy Honold: Vom K\\u00fcchenmeister zum Content Creator - Ein Lebenslauf mit W\\u00fcrze Tommy Honold, Jahrgang '77, ist ein Tausendsassa mit einer ungew\\u00f6hnlichen Karriere. Vom \\\"commis de cuisine\\\" in der \\\"Mettnaustube\\\" (kein Witz, so hie\\u00df das Restaurant wirklich!) \\u00fcber den Meisterkoch bis hin zum Gesch\\u00e4ftsf\\u00fchrer von AUSGZEICHNET.ORG\\u2013 Thomas hat schon einiges hinter sich. Sogar bei der Marine hat er als Koch gearbeitet! Doch Thomas ruhte sich nicht auf seinen Lorbeeren aus. Neben seiner Leidenschaft f\\u00fcrs Kochen entdeckte er sein Talent als Unternehmer und gr\\u00fcndete das Datingportal \\\"Jobsingles\\\" dazu geh\\u00f6rt auch Farmersingles.de und Singlebuure.ch und zig andere Domains- Und jetzt? Jetzt erobert er die digitale Welt als Content Creator! Mit seinem spritzigen Humor und seinen vielf\\u00e4ltigen Erfahrungen bringt er frischen Wind in die Social-Media-Landschaft. Ob er wohl auch Kochvideos macht? Man darf gespannt sein!!\",\"jobTitle\":\"Redakteur\",\"alumniOf\":[{\"@type\":\"EducationalOrganization\",\"name\":\"Farmersingles.de\",\"sameAs\":\"https:\\\/\\\/farmersingles.de\\\/magazin\"},{\"@type\":\"EducationalOrganization\",\"name\":\"Jobsingles.de\",\"sameAs\":\"https:\\\/\\\/jobsingles.de\\\/\"},{\"@type\":\"EducationalOrganization\",\"name\":\"Singlebuure.ch\",\"sameAs\":\"https:\\\/\\\/singlebuure.ch\\\/\"}],\"knowsAbout\":[{\"@type\":\"Thing\",\"name\":\"Bauer Sucht Frau\",\"url\":\"https:\\\/\\\/www.rtl.de\\\/sendungen\\\/bauer-sucht-frau\\\/\"},{\"@type\":\"Thing\",\"name\":\"Partnersuche in der Landwirtschaft\",\"url\":\"https:\\\/\\\/farmersingles.de\\\/magazin\\\/\",\"sameAs\":[\"https:\\\/\\\/farmersingles.de\\\/\"]},{\"@type\":\"Thing\",\"name\":\"Online Partnersuche\",\"url\":\"https:\\\/\\\/jobsingles.de\\\/magazin\\\/\",\"sameAs\":[\"https:\\\/\\\/jobsingles.de\\\/\"]}],\"award\":[\"School of LIfe\"],\"knowsLanguage\":[\"Eglisch\",\"Deutsch\",\"Franz\\u00f6sisch\"]},{\"@type\":\"WebPage\",\"@id\":\"https:\\\/\\\/farmersingles.de\\\/magazin\\\/bauer-sucht-frau\\\/bauer-sucht-frau-international-ariane-turner-finale-fans\\\/#webpage\",\"url\":\"https:\\\/\\\/farmersingles.de\\\/magazin\\\/bauer-sucht-frau\\\/bauer-sucht-frau-international-ariane-turner-finale-fans\\\/\",\"name\":\"Bauer sucht Frau International: Ariane und Turner \\u2013 Finale\",\"description\":\"Ariane und Turner bei Bauer sucht Frau International Staffel 8: der emotionale Abbruch und was danach wirklich passierte.\",\"inLanguage\":\"de-DE\",\"isPartOf\":{\"@id\":\"https:\\\/\\\/farmersingles.de\\\/magazin\\\/#website\"},\"breadcrumb\":{\"@id\":\"https:\\\/\\\/farmersingles.de\\\/magazin\\\/bauer-sucht-frau\\\/bauer-sucht-frau-international-ariane-turner-finale-fans\\\/#breadcrumblist\"},\"author\":{\"@id\":\"https:\\\/\\\/farmersingles.de\\\/magazin\\\/author\\\/tommy\\\/#author\"},\"creator\":{\"@id\":\"https:\\\/\\\/farmersingles.de\\\/magazin\\\/author\\\/tommy\\\/#author\"},\"image\":{\"@type\":\"ImageObject\",\"url\":\"https:\\\/\\\/farmersingles.de\\\/magazin\\\/wp-content\\\/uploads\\\/bsf-international-ariane-turner-finale.webp\",\"@id\":\"https:\\\/\\\/farmersingles.de\\\/magazin\\\/bauer-sucht-frau\\\/bauer-sucht-frau-international-ariane-turner-finale-fans\\\/#mainImage\",\"width\":1280,\"height\":720,\"caption\":\"Ariane und Turner bei Bauer sucht Frau International Staffel 8\"},\"primaryImageOfPage\":{\"@id\":\"https:\\\/\\\/farmersingles.de\\\/magazin\\\/bauer-sucht-frau\\\/bauer-sucht-frau-international-ariane-turner-finale-fans\\\/#mainImage\"},\"datePublished\":\"2026-09-05T13:01:54+02:00\",\"dateModified\":\"2026-09-05T22:18:05+02:00\"},{\"@type\":\"WebSite\",\"@id\":\"https:\\\/\\\/farmersingles.de\\\/magazin\\\/#website\",\"url\":\"https:\\\/\\\/farmersingles.de\\\/magazin\\\/\",\"name\":\"FarmerSingles MAGAZIN\",\"alternateName\":\"TIPPS Partnersuche f\\u00fcr Landwirte und Singles vom Land\",\"description\":\"TIPPS F\\u00dcR SINGLES vom Land & BAUER SUCHT FRAU\",\"inLanguage\":\"de-DE\",\"publisher\":{\"@id\":\"https:\\\/\\\/farmersingles.de\\\/magazin\\\/#organization\"}}]}\n\t\t<\/script>\n\t\t<!-- All in One SEO Pro -->\r\n\t\t<title>Bauer sucht Frau International: Ariane und Turner \u2013 Finale<\/title>\n\n","aioseo_head_json":{"title":"Bauer sucht Frau International: Ariane und Turner \u2013 Finale","description":"Ariane und Turner bei Bauer sucht Frau International Staffel 8: der emotionale Abbruch und was danach wirklich passierte.","canonical_url":"https:\/\/farmersingles.de\/magazin\/bauer-sucht-frau\/bauer-sucht-frau-international-ariane-turner-finale-fans\/","robots":"max-image-preview:large","keywords":"","webmasterTools":{"google-site-verification":"KEZ3cDM2NkJxOFs8eZsgARzq_2phF3da5NW-9GPDAEk","p:domain_verify":"0cc3c227a37cb21099f62c20f8ad6f6d","miscellaneous":""},"schema":{"@context":"https:\/\/schema.org","@graph":[{"@type":"BreadcrumbList","@id":"https:\/\/farmersingles.de\/magazin\/bauer-sucht-frau\/bauer-sucht-frau-international-ariane-turner-finale-fans\/#breadcrumblist","itemListElement":[{"@type":"ListItem","@id":"https:\/\/farmersingles.de\/magazin#listItem","position":1,"name":"Home","item":"https:\/\/farmersingles.de\/magazin","nextItem":{"@type":"ListItem","@id":"https:\/\/farmersingles.de\/magazin\/kategorie\/bauer-sucht-frau\/#listItem","name":"TV-News \"Bauer sucht Frau\""}},{"@type":"ListItem","@id":"https:\/\/farmersingles.de\/magazin\/kategorie\/bauer-sucht-frau\/#listItem","position":2,"name":"TV-News \"Bauer sucht Frau\"","item":"https:\/\/farmersingles.de\/magazin\/kategorie\/bauer-sucht-frau\/","nextItem":{"@type":"ListItem","@id":"https:\/\/farmersingles.de\/magazin\/bauer-sucht-frau\/bauer-sucht-frau-anna-gerald-heiser-ein-jahr-polen\/#listItem","name":"Bauer sucht Frau: Anna Heiser \u2013 Ein Jahr in Polen"},"previousItem":{"@type":"ListItem","@id":"https:\/\/farmersingles.de\/magazin#listItem","name":"Home"}},{"@type":"ListItem","@id":"https:\/\/farmersingles.de\/magazin\/bauer-sucht-frau\/bauer-sucht-frau-anna-gerald-heiser-ein-jahr-polen\/#listItem","position":3,"name":"Bauer sucht Frau: Anna Heiser \u2013 Ein Jahr in Polen","previousItem":{"@type":"ListItem","@id":"https:\/\/farmersingles.de\/magazin\/kategorie\/bauer-sucht-frau\/#listItem","name":"TV-News \"Bauer sucht Frau\""}}]},{"@type":"NewsArticle","@id":"https:\/\/farmersingles.de\/magazin\/bauer-sucht-frau\/bauer-sucht-frau-international-ariane-turner-finale-fans\/#newsarticle","name":"Bauer sucht Frau International: Ariane und Turner \u2013 Finale","headline":"Bauer sucht Frau International: Ariane und Turner \u2013 Finale","author":{"@id":"https:\/\/farmersingles.de\/magazin\/author\/tommy\/#author"},"publisher":{"@id":"https:\/\/farmersingles.de\/magazin\/#organization"},"image":{"@type":"ImageObject","url":"https:\/\/farmersingles.de\/magazin\/wp-content\/uploads\/bsf-international-ariane-turner-finale.webp","width":1280,"height":720,"caption":"Ariane und Turner bei Bauer sucht Frau International Staffel 8"},"datePublished":"2026-09-05T13:01:54+02:00","dateModified":"2026-09-05T22:18:05+02:00","inLanguage":"de-DE","mainEntityOfPage":{"@id":"https:\/\/farmersingles.de\/magazin\/bauer-sucht-frau\/bauer-sucht-frau-international-ariane-turner-finale-fans\/#webpage"},"isPartOf":{"@id":"https:\/\/farmersingles.de\/magazin\/bauer-sucht-frau\/bauer-sucht-frau-international-ariane-turner-finale-fans\/#webpage"},"articleSection":"TV-News \"Bauer sucht Frau\", Ariane, Bauer sucht Frau, Turner","dateline":"Ver\u00f6ffentlicht am September 5, 2026."},{"@type":"Organization","@id":"https:\/\/farmersingles.de\/magazin\/#organization","name":"FarmerSingles.de","description":"FarmerSingles.de ist die Singleb\u00f6rse f\u00fcr Landwirte und Singles vom Land. Im FarmerSingles Magazin findest du Tipps zur Partnersuche, Erfolgsgeschichten und News rund um Bauer sucht Frau.","url":"https:\/\/farmersingles.de\/magazin\/","email":"info@icony.com","foundingDate":"2025-02-01","numberOfEmployees":{"@type":"QuantitativeValue","minValue":0,"maxValue":10},"logo":{"@type":"ImageObject","url":"https:\/\/farmersingles.de\/magazin\/wp-content\/uploads\/farmersingles_logo_quadratisch.png","@id":"https:\/\/farmersingles.de\/magazin\/bauer-sucht-frau\/bauer-sucht-frau-international-ariane-turner-finale-fans\/#organizationLogo","width":1000,"height":1000,"caption":"Logo Farmersingles Magazin Partnerusche, Love Storys und Bauer"},"image":{"@id":"https:\/\/farmersingles.de\/magazin\/bauer-sucht-frau\/bauer-sucht-frau-international-ariane-turner-finale-fans\/#organizationLogo"},"sameAs":["https:\/\/www.facebook.com\/Farmersingles.de\/?locale=de_DE","https:\/\/www.youtube.com\/@JobSinglesDE"],"address":{"@id":"https:\/\/farmersingles.de\/magazin\/#postaladdress","@type":"PostalAddress","streetAddress":"Heinestra\u00dfe 72","postalCode":"72762","addressLocality":"Reutlingen","addressRegion":"Baden-W\u00fcrttemberg","addressCountry":"DE"},"vatID":"UStIdNr. DE307590617"},{"@type":"Person","@id":"https:\/\/farmersingles.de\/magazin\/author\/tommy\/#author","url":"https:\/\/farmersingles.de\/magazin\/author\/tommy\/","name":"Tommy Honold","image":{"@type":"ImageObject","@id":"https:\/\/farmersingles.de\/magazin\/bauer-sucht-frau\/bauer-sucht-frau-international-ariane-turner-finale-fans\/#authorImage","url":"https:\/\/farmersingles.de\/magazin\/wp-content\/uploads\/tommy_honold.jpg","width":1200,"height":1600},"sameAs":["https:\/\/facebook.com\/thomashonold1"],"description":"Tommy Honold: Vom K\u00fcchenmeister zum Content Creator - Ein Lebenslauf mit W\u00fcrze Tommy Honold, Jahrgang '77, ist ein Tausendsassa mit einer ungew\u00f6hnlichen Karriere. Vom \"commis de cuisine\" in der \"Mettnaustube\" (kein Witz, so hie\u00df das Restaurant wirklich!) \u00fcber den Meisterkoch bis hin zum Gesch\u00e4ftsf\u00fchrer von AUSGZEICHNET.ORG\u2013 Thomas hat schon einiges hinter sich. Sogar bei der Marine hat er als Koch gearbeitet! Doch Thomas ruhte sich nicht auf seinen Lorbeeren aus. Neben seiner Leidenschaft f\u00fcrs Kochen entdeckte er sein Talent als Unternehmer und gr\u00fcndete das Datingportal \"Jobsingles\" dazu geh\u00f6rt auch Farmersingles.de und Singlebuure.ch und zig andere Domains- Und jetzt? Jetzt erobert er die digitale Welt als Content Creator! Mit seinem spritzigen Humor und seinen vielf\u00e4ltigen Erfahrungen bringt er frischen Wind in die Social-Media-Landschaft. Ob er wohl auch Kochvideos macht? Man darf gespannt sein!!","jobTitle":"Redakteur","alumniOf":[{"@type":"EducationalOrganization","name":"Farmersingles.de","sameAs":"https:\/\/farmersingles.de\/magazin"},{"@type":"EducationalOrganization","name":"Jobsingles.de","sameAs":"https:\/\/jobsingles.de\/"},{"@type":"EducationalOrganization","name":"Singlebuure.ch","sameAs":"https:\/\/singlebuure.ch\/"}],"knowsAbout":[{"@type":"Thing","name":"Bauer Sucht Frau","url":"https:\/\/www.rtl.de\/sendungen\/bauer-sucht-frau\/"},{"@type":"Thing","name":"Partnersuche in der Landwirtschaft","url":"https:\/\/farmersingles.de\/magazin\/","sameAs":["https:\/\/farmersingles.de\/"]},{"@type":"Thing","name":"Online Partnersuche","url":"https:\/\/jobsingles.de\/magazin\/","sameAs":["https:\/\/jobsingles.de\/"]}],"award":["School of LIfe"],"knowsLanguage":["Eglisch","Deutsch","Franz\u00f6sisch"]},{"@type":"WebPage","@id":"https:\/\/farmersingles.de\/magazin\/bauer-sucht-frau\/bauer-sucht-frau-international-ariane-turner-finale-fans\/#webpage","url":"https:\/\/farmersingles.de\/magazin\/bauer-sucht-frau\/bauer-sucht-frau-international-ariane-turner-finale-fans\/","name":"Bauer sucht Frau International: Ariane und Turner \u2013 Finale","description":"Ariane und Turner bei Bauer sucht Frau International Staffel 8: der emotionale Abbruch und was danach wirklich passierte.","inLanguage":"de-DE","isPartOf":{"@id":"https:\/\/farmersingles.de\/magazin\/#website"},"breadcrumb":{"@id":"https:\/\/farmersingles.de\/magazin\/bauer-sucht-frau\/bauer-sucht-frau-international-ariane-turner-finale-fans\/#breadcrumblist"},"author":{"@id":"https:\/\/farmersingles.de\/magazin\/author\/tommy\/#author"},"creator":{"@id":"https:\/\/farmersingles.de\/magazin\/author\/tommy\/#author"},"image":{"@type":"ImageObject","url":"https:\/\/farmersingles.de\/magazin\/wp-content\/uploads\/bsf-international-ariane-turner-finale.webp","@id":"https:\/\/farmersingles.de\/magazin\/bauer-sucht-frau\/bauer-sucht-frau-international-ariane-turner-finale-fans\/#mainImage","width":1280,"height":720,"caption":"Ariane und Turner bei Bauer sucht Frau International Staffel 8"},"primaryImageOfPage":{"@id":"https:\/\/farmersingles.de\/magazin\/bauer-sucht-frau\/bauer-sucht-frau-international-ariane-turner-finale-fans\/#mainImage"},"datePublished":"2026-09-05T13:01:54+02:00","dateModified":"2026-09-05T22:18:05+02:00"},{"@type":"WebSite","@id":"https:\/\/farmersingles.de\/magazin\/#website","url":"https:\/\/farmersingles.de\/magazin\/","name":"FarmerSingles MAGAZIN","alternateName":"TIPPS Partnersuche f\u00fcr Landwirte und Singles vom Land","description":"TIPPS F\u00dcR SINGLES vom Land & BAUER SUCHT FRAU","inLanguage":"de-DE","publisher":{"@id":"https:\/\/farmersingles.de\/magazin\/#organization"}}]},"og:locale":"de_DE","og:site_name":"FarmerSingles MAGAZIN | TIPPS F\u00dcR SINGLES vom Land &amp; BAUER SUCHT FRAU","og:type":"article","og:title":"Bauer sucht Frau International: Ariane und Turner \u2013 Finale","og:description":"Ariane und Turner bei Bauer sucht Frau International Staffel 8: der emotionale Abbruch und was danach wirklich passierte.","og:url":"https:\/\/farmersingles.de\/magazin\/bauer-sucht-frau\/bauer-sucht-frau-international-ariane-turner-finale-fans\/","og:image":"https:\/\/farmersingles.de\/magazin\/wp-content\/uploads\/cropped-JS-logo-Menu-orange-2.png","og:image:secure_url":"https:\/\/farmersingles.de\/magazin\/wp-content\/uploads\/cropped-JS-logo-Menu-orange-2.png","og:image:width":240,"og:image:height":240,"article:published_time":"2026-09-05T11:01:54+00:00","article:modified_time":"2026-09-05T20:18:05+00:00","article:publisher":"https:\/\/www.facebook.com\/Farmersingles.de\/?locale=de_DE","article:author":"https:\/\/facebook.com\/thomashonold1"},"aioseo_meta_data":{"post_id":"10765","title":"Bauer sucht Frau: Anna Heiser \u2013 Ein Jahr in Polen","description":"Ein Jahr nach dem Umzug von Namibia nach Polen zeigt Anna Heiser aus Bauer sucht Frau ihr noch unfertiges, ehrliches Zuhause.","keywords":null,"keyphrases":{"focus":{"keyphrase":"Anna und Gerald Heiser","score":0,"analysis":[]},"additional":[]},"primary_term":null,"canonical_url":null,"og_title":null,"og_description":null,"og_object_type":"default","og_image_type":"default","og_image_url":null,"og_image_width":null,"og_image_height":null,"og_image_custom_url":null,"og_image_custom_fields":null,"og_video":"","og_custom_url":null,"og_article_section":null,"og_article_tags":null,"twitter_use_og":false,"twitter_card":"default","twitter_image_type":"default","twitter_image_url":null,"twitter_image_custom_url":null,"twitter_image_custom_fields":null,"twitter_title":null,"twitter_description":null,"schema":{"blockGraphs":[],"customGraphs":[],"default":{"data":{"Article":[],"Course":[],"Dataset":[],"FAQPage":[],"Movie":[],"Person":[],"Product":[],"ProductReview":[],"Car":[],"Recipe":[],"Service":[],"SoftwareApplication":[],"WebPage":[]},"graphName":"","isEnabled":true},"graphs":[]},"schema_type":"default","schema_type_options":null,"pillar_content":false,"robots_default":true,"robots_noindex":false,"robots_noarchive":false,"robots_nosnippet":false,"robots_nofollow":false,"robots_noimageindex":false,"robots_noodp":false,"robots_notranslate":false,"robots_max_snippet":null,"robots_max_videopreview":null,"robots_max_imagepreview":"large","priority":0,"frequency":"default","location":null,"local_seo":null,"seo_analyzer_scan_date":"2026-09-06 06:26:09","breadcrumb_settings":null,"limit_modified_date":false,"reviewed_by":null,"open_ai":null,"ai":null,"created":"2026-09-05 05:15:03","updated":"2026-09-06 06:26:09","focus_keyword":"Anna und Gerald Heiser","additional_keywords":null,"truseo_locale":null},"aioseo_breadcrumb":"<div class=\"aioseo-breadcrumbs\"><span class=\"aioseo-breadcrumb\">\n\t<a href=\"https:\/\/farmersingles.de\/magazin\" title=\"Home\">Home<\/a>\n<\/span><span class=\"aioseo-breadcrumb-separator\">\u00bb<\/span><span class=\"aioseo-breadcrumb\">\n\t<a href=\"https:\/\/farmersingles.de\/magazin\/kategorie\/bauer-sucht-frau\/\" title=\"TV-News\">TV-News \"Bauer sucht Frau\"<\/a>\n<\/span><span class=\"aioseo-breadcrumb-separator\">\u00bb<\/span><span class=\"aioseo-breadcrumb\">\n\tBauer sucht Frau: Anna Heiser \u2013 Ein Jahr in Polen\n<\/span><\/div>","aioseo_breadcrumb_json":[{"label":"Home","link":"https:\/\/farmersingles.de\/magazin"},{"label":"TV-News \"Bauer sucht Frau\"","link":"https:\/\/farmersingles.de\/magazin\/kategorie\/bauer-sucht-frau\/"},{"label":"Bauer sucht Frau: Anna Heiser \u2013 Ein Jahr in Polen","link":"https:\/\/farmersingles.de\/magazin\/bauer-sucht-frau\/bauer-sucht-frau-anna-gerald-heiser-ein-jahr-polen\/"}],"_links":{"self":[{"href":"https:\/\/farmersingles.de\/magazin\/wp-json\/wp\/v2\/posts\/10765","targetHints":{"allow":["GET"]}}],"collection":[{"href":"https:\/\/farmersingles.de\/magazin\/wp-json\/wp\/v2\/posts"}],"about":[{"href":"https:\/\/farmersingles.de\/magazin\/wp-json\/wp\/v2\/types\/post"}],"author":[{"embeddable":true,"href":"https:\/\/farmersingles.de\/magazin\/wp-json\/wp\/v2\/users\/3"}],"replies":[{"embeddable":true,"href":"https:\/\/farmersingles.de\/magazin\/wp-json\/wp\/v2\/comments?post=10765"}],"version-history":[{"count":1,"href":"https:\/\/farmersingles.de\/magazin\/wp-json\/wp\/v2\/posts\/10765\/revisions"}],"predecessor-version":[{"id":10789,"href":"https:\/\/farmersingles.de\/magazin\/wp-json\/wp\/v2\/posts\/10765\/revisions\/10789"}],"wp:featuredmedia":[{"embeddable":true,"href":"https:\/\/farmersingles.de\/magazin\/wp-json\/wp\/v2\/media\/10763"}],"wp:attachment":[{"href":"https:\/\/farmersingles.de\/magazin\/wp-json\/wp\/v2\/media?parent=10765"}],"wp:term":[{"taxonomy":"category","embeddable":true,"href":"https:\/\/farmersingles.de\/magazin\/wp-json\/wp\/v2\/categories?post=10765"},{"taxonomy":"post_tag","embeddable":true,"href":"https:\/\/farmersingles.de\/magazin\/wp-json\/wp\/v2\/tags?post=10765"}],"curies":[{"name":"wp","href":"https:\/\/api.w.org\/{rel}","templated":true}]}}