{"id":9499,"date":"2026-07-17T21:14:37","date_gmt":"2026-07-17T19:14:37","guid":{"rendered":"https:\/\/farmersingles.de\/magazin\/?p=9499"},"modified":"2026-07-26T07:41:47","modified_gmt":"2026-07-26T05:41:47","slug":"bauer-sucht-frau-friedrich-laura-moehnesee-triathlon","status":"publish","type":"post","link":"https:\/\/farmersingles.de\/magazin\/bauer-sucht-frau\/bauer-sucht-frau-friedrich-laura-moehnesee-triathlon\/","title":{"rendered":"Bauer sucht Frau: Friedrich und Laura \u2013 M\u00f6hnesee Triathlon"},"content":{"rendered":"<p class=\"wp-block-paragraph\"><strong>Was hat Friedrich beim M\u00f6hnesee-Triathlon heimlich f\u00fcr Laura geplant?<\/strong> Friedrich Dieckmann meldete seine Freundin Laura heimlich f\u00fcr den M\u00f6hnesee-Triathlon an, ohne es ihr vorher zu sagen \u2013 der Moment wurde im Oster-Special von Bauer sucht Frau herausgeschnitten, laut RTL.<\/p>\n\n\n<p class=\"wp-block-paragraph\"><em>Friedrich und Laura aus <strong>Bauer sucht Frau<\/strong> haben sich etwas Besonderes vorgenommen: Gemeinsam starten sie beim M\u00f6hnesee-Triathlon. Was Friedrich heimlich geplant hat, begeistert <strong>Laura<\/strong> bis heute.<\/em><\/p>\n\n\n<figure class=\"wp-block-embed is-type-video is-provider-youtube wp-block-embed-youtube wp-embed-aspect-9-16 wp-has-aspect-ratio\"><div class=\"wp-block-embed__wrapper\">\n<iframe hcb-fetch-image-from=\"https:\/\/www.youtube.com\/watch?v=kYTq5op39RU\" title=\"Friedrich und Laura: M\u00f6hnesee-Triathlon \u2013 heimliche Anmeldung\" width=\"910\" height=\"683\" src=\"https:\/\/www.youtube.com\/embed\/kYTq5op39RU?feature=oembed\" frameborder=\"0\" allow=\"accelerometer; autoplay; clipboard-write; encrypted-media; gyroscope; picture-in-picture; web-share\" referrerpolicy=\"strict-origin-when-cross-origin\" allowfullscreen><\/iframe>\n<\/div><\/figure>\n\n\n\n\n\n\n<div class=\"callout-box\">\n<p><strong>Das Wichtigste in K\u00fcrze<\/strong><\/p>\n<ul>\n<li>Friedrich Dieckmann meldete Laura heimlich f\u00fcr den M\u00f6hnesee-Triathlon an<\/li>\n<li>Friedrich und Laura trainieren gemeinsam Schwimmen, Radfahren und Laufen<\/li>\n<li>Das Paar beweist: Ihre Liebe h\u00e4lt auch sportliche Herausforderungen stand<\/li>\n<\/ul>\n<\/div>\n\n\n\n<h2 class=\"wp-block-heading\"><a href=\"\/magazin\/kategorie\/bauer-sucht-frau\/\">Bauer sucht Frau<\/a>: Friedrich \u00fcberrascht Laura mit Triathlon-Anmeldung<\/h2>\n\n\n\n<p class=\"wp-block-paragraph\">Es war eine \u00dcberraschung der besonderen Art: <strong>Friedrich und Laura<\/strong> aus <strong>Bauer sucht Frau<\/strong> nehmen gemeinsam am M\u00f6hnesee-Triathlon teil \u2014 doch die Idee kam allein von Friedrich. Er meldete <strong>Laura<\/strong> heimlich f\u00fcr das Rennen an, ohne ihr vorher ein Wort zu sagen. Genau dieser Moment wurde im Oster-Special von <strong>Bauer sucht Frau<\/strong> herausgeschnitten \u2014 <strong>Laura<\/strong> enth\u00fcllte es sp\u00e4ter selbst auf Instagram.<\/p>\n\n\n\n<h3 class=\"wp-block-heading\">Der Plan, den die Kameras nicht zeigten<\/h3>\n\n\n\n<p class=\"wp-block-paragraph\"><strong>Friedrich und Laura<\/strong> wurden in Staffel 21 von <strong>Bauer sucht Frau<\/strong> zu einem Paar. Mehr als 10.000 Frauen hatten sich damals um Spargelbauer Friedrich Dieckmann aus Lippetal beworben \u2014 ein absoluter Rekord. Am Ende gewann <strong>Laura<\/strong>, die angehende Lehrerin. Monate sp\u00e4ter sind <strong>Friedrich und Laura<\/strong> immer noch fest zusammen. Im Oster-Special wurde ein emotionaler Moment nicht gezeigt: Friedrich hatte <strong>Laura heimlich f\u00fcr den M\u00f6hnesee-Triathlon angemeldet<\/strong> \u2014 und sie freute sich riesig dar\u00fcber. Dieser Augenblick blieb den Zuschauern von <strong>Bauer sucht Frau<\/strong> verborgen.<\/p>\n\n\n\n<h3 class=\"wp-block-heading\">Training am M\u00f6hnesee: Schwimmen, Radfahren, Laufen<\/h3>\n\n\n\n<p class=\"wp-block-paragraph\">Jetzt trainieren <strong>Friedrich und Laura<\/strong> ernsthaft f\u00fcr das Rennen. Der Soester Anzeiger begleitete das Paar beim Training am M\u00f6hnesee. Schon in ihrer <a href=\"\/magazin\/bauer-sucht-frau\/bauer-sucht-frau-friedrich-und-laura-fernbeziehung\/\">Fernbeziehung<\/a> bewiesen die beiden echtes Durchhalteverm\u00f6gen. Auf dem Programm stehen Schwimmen, Radtouren durch das Sauerland und Laufeinheiten auf dem Hof. F\u00fcr <strong>Laura<\/strong> ist es das erste Mal bei einem Triathlon. Das Rennen findet an <strong>Lauras 27. Geburtstag<\/strong> statt \u2014 ein emotionaler Termin f\u00fcr das Paar.<\/p>\n\n\n<div class=\"related-post\" style=\"border-top: 1px solid #ccc; border-bottom: 1px solid #ccc; padding: 10px 0;\">        <div style=\"display: flex; align-items: center; margin-bottom: 10px;\"> \r\n          <a href=\"https:\/\/farmersingles.de\/magazin\/bauer-sucht-frau\/bauer-sucht-frau-anna-gerald-heiser-ein-jahr-polen\/\">\r\n                          <div class=\"related-post-thumbnail\" style=\"width: 75px; height: 75px; margin-right: 10px;\"> \r\n                <img decoding=\"async\" width=\"150\" height=\"150\" src=\"https:\/\/farmersingles.de\/magazin\/wp-content\/uploads\/anna-heiser-traumhaus-polen-150x150.webp\" class=\"attachment-thumbnail size-thumbnail wp-post-image\" alt=\"Anna und Gerald Heiser aus Bauer sucht Frau \u2014 Traumhaus in Polen gefunden\" srcset=\"https:\/\/farmersingles.de\/magazin\/wp-content\/uploads\/anna-heiser-traumhaus-polen-150x150.webp 150w, https:\/\/farmersingles.de\/magazin\/wp-content\/uploads\/anna-heiser-traumhaus-polen-300x300.webp 300w, https:\/\/farmersingles.de\/magazin\/wp-content\/uploads\/anna-heiser-traumhaus-polen-1024x1024.webp 1024w, https:\/\/farmersingles.de\/magazin\/wp-content\/uploads\/anna-heiser-traumhaus-polen-768x768.webp 768w, https:\/\/farmersingles.de\/magazin\/wp-content\/uploads\/anna-heiser-traumhaus-polen.webp 1200w\" sizes=\"(max-width: 150px) 100vw, 150px\" \/>              <\/div>\r\n                      <\/a>\r\n          <a href=\"https:\/\/farmersingles.de\/magazin\/bauer-sucht-frau\/bauer-sucht-frau-anna-gerald-heiser-ein-jahr-polen\/\" style=\"word-break: break-word; max-width: 70%; font-weight: bold; text-transform: uppercase;\"> \r\n            Bauer sucht Frau: Anna Heiser \u2013 Ein Jahr in Polen          <\/a>\r\n        <\/div>\r\n      <\/div>\n\n\n\n<p class=\"wp-block-paragraph\" style=\"text-align:center\"><a class=\"cta-button\" style=\"background:#429A45;color:#fff;padding:12px 24px;border-radius:6px;text-decoration:none;display:inline-block;\" href=\"https:\/\/farmersingles.de\/?AID=FarmersinglesMagazin\" rel=\"nofollow\">Jetzt kostenfrei auf Farmersingles registrieren<\/a><\/p>\n\n\n\n<h3 class=\"wp-block-heading\">Friedrich: \u201eSie hat keine Ber\u00fchrungsangst&#8220;<\/h3>\n\n\n\n<p class=\"wp-block-paragraph\">Friedrich ist stolz auf seine Partnerin: <strong>\u201eSie hat keine Angst, anzupacken, und keine Ber\u00fchrungsangst. Es ist sch\u00f6n, wenn man merkt, dass sie sich auch f\u00fcr all das interessiert.&#8220;<\/strong> <strong>Friedrich und Laura<\/strong> gehen das Projekt gemeinsam an \u2014 genau wie ihre Beziehung. \u00dcber die Osterferien erlebte <strong>Laura<\/strong> live die Spargelsaison bei den Dieckmanns mit. <strong>Bauer sucht Frau<\/strong> hat hier wirklich zwei zusammengebracht, die f\u00fcreinander gemacht sind.<\/p>\n\n<iframe src=\"https:\/\/js.icony.com\/frame\/?w=300&h=300&t=4&pc=429A45&id=farmersingles&aid=farmersinglesmagazin\"\r\n  title=\"Finde jetzt Deinen Landwirtflirt \u2013 kostenlos anmelden\" loading=\"lazy\"\r\n  style=\"width:300px;max-width:100%;height:300px;border:0;display:block;margin:24px auto;\"><\/iframe>\r\n\n\n\n\n\n\n<h3 class=\"wp-block-heading\">Auf dem Hof und beim Sport \u2014 Friedrich und Laura schreiben ihr eigenes Kapitel<\/h3>\n\n\n\n<p class=\"wp-block-paragraph\">W\u00e4hrend <a href=\"\/magazin\/bauer-sucht-frau\/bauer-sucht-frau-inka-bause-staffel-22-kandidaten\/\">Bauer sucht Frau Staffel 22 mit 18 neuen Kandidaten<\/a> startet, schreiben <strong>Friedrich und Laura<\/strong> ihr eigenes Kapitel. Der M\u00f6hnesee-Triathlon steht f\u00fcr gemeinsames Wachsen und Vertrauen \u2014 und zeigt: Bei <strong>Friedrich und Laura<\/strong> ist die Liebe nach der Kamera nur st\u00e4rker geworden. Auch bei Bauer sucht Frau International sorgen aktuell Jasmin und Benjamin Boyce f\u00fcr Schlagzeilen.<\/p>\n\n\n<div class=\"related-posts\" style=\"border-top: 1px solid #ccc; border-bottom: 1px solid #ccc; padding: 10px 0;\">        <div style=\"display: flex; align-items: center; margin-bottom: 10px;\"> \r\n          <a href=\"https:\/\/farmersingles.de\/magazin\/bauer-sucht-frau\/bauer-sucht-frau-international-maike-namibia\/\">\r\n                          <div class=\"related-post-thumbnail\" style=\"width: 75px; height: 75px; margin-right: 10px;\"> \r\n                <img decoding=\"async\" width=\"150\" height=\"150\" src=\"https:\/\/farmersingles.de\/magazin\/wp-content\/uploads\/maike-bsf-international-namibia-rinderfarm-150x150.jpg\" class=\"attachment-thumbnail size-thumbnail wp-post-image\" alt=\"Maike aus Bauer sucht Frau International \u2014 j\u00fcngste Kandidatin auf ihrer Rinderfarm in Namibia\" \/>              <\/div>\r\n                      <\/a>\r\n          <a href=\"https:\/\/farmersingles.de\/magazin\/bauer-sucht-frau\/bauer-sucht-frau-international-maike-namibia\/\" style=\"word-break: break-word; max-width: 70%; font-weight: bold; text-transform: uppercase;\"> \r\n            Bauer sucht Frau International: Maike aus Namibia          <\/a>\r\n        <\/div>\r\n      <\/div>\n\n\n\n<p class=\"wp-block-paragraph\">Update: <a href=\"https:\/\/farmersingles.de\/magazin\/bauer-sucht-frau\/bauer-sucht-frau-friedrich-laura-triathlon-premiere\/\">Friedrich und Laura absolvierten den Triathlon erfolgreich \u2013 jetzt alle Details<\/a>.<\/p>\n\n\n\n<ul class=\"wp-block-list\"><li><strong>M\u00f6hnesee-Triathlon<\/strong> \u2014 Friedrich und Laura stellen sich gemeinsam der sportlichen Herausforderung<\/li><li><strong>Heimliche Anmeldung<\/strong> \u2014 Friedrich \u00fcberraschte Laura mit der Triathlon-Teilnahme<\/li><li><strong>Lauras 27. Geburtstag<\/strong> \u2014 Das Rennen findet an einem ganz besonderen Datum statt<\/li><li><strong>Staffel 22<\/strong> \u2014 18 neue Kandidaten suchen ihr Gl\u00fcck bei Bauer sucht Frau<\/li><\/ul>\n\n\n\n<p class=\"wp-block-paragraph\"><em>Du suchst selbst einen Partner vom Land? Auf Farmersingles.de findest du Singles, die das Landleben lieben.<\/em><\/p>\n\n\n\n<div class=\"faq-section\">\n<p class=\"wp-block-paragraph\"><strong>Update:<\/strong> Auch interessant \u2014 <a href=\"https:\/\/farmersingles.de\/magazin\/bauer-sucht-frau\/bauer-sucht-frau-anna-heiser-alina-erneut-krankenhaus\/\">Anna Heiser \u2013 Alina erneut im Krankenhaus<\/a>.<\/p>\n\n<p class=\"wp-block-paragraph\"><strong>Update:<\/strong> Auch interessant \u2014 Friedrich und Laura \u2013 Grand Prix 2027.<\/p>\n\n<p class=\"wp-block-paragraph\"><strong>Update:<\/strong> Auch interessant \u2014 <a href=\"https:\/\/farmersingles.de\/magazin\/bauer-sucht-frau\/bauer-sucht-frau-friedrich-laura-klare-worte\/\">Friedrich und Laura \u2013 Klare Worte<\/a>.<\/p>\n\n<details><summary>Sind Friedrich und Laura aus Bauer sucht Frau noch zusammen?<\/summary><p>Ja, Friedrich und Laura sind nach Bauer sucht Frau Staffel 21 immer noch ein Paar. Sie trainieren gemeinsam f\u00fcr den M\u00f6hnesee-Triathlon, den Friedrich als \u00dcberraschung f\u00fcr Laura organisiert hat.<\/p><\/details>\n<details><summary>Wann findet der M\u00f6hnesee-Triathlon mit Friedrich und Laura statt?<\/summary><p>Friedrich und Laura nehmen am M\u00f6hnesee-Triathlon an Lauras 27. Geburtstag teil. Friedrich hatte sie heimlich angemeldet \u2014 ein besonderes Geburtstagsgeschenk f\u00fcr seine Partnerin.<\/p><\/details>\n<details><summary>Warum wurde der Triathlon-Moment nicht bei Bauer sucht Frau gezeigt?<\/summary><p>Im Oster-Special von Bauer sucht Frau wurden Szenen aus Unterhaltungsgr\u00fcnden herausgeschnitten. Laura berichtete auf Instagram, dass Friedrichs heimliche Triathlon-Anmeldung nicht gesendet wurde \u2014 obwohl sie sich riesig gefreut hatte.<\/p><\/details>\n<details><summary>Woher kommt Friedrich Dieckmann aus Bauer sucht Frau?<\/summary><p>Friedrich Dieckmann ist Spargelbauer aus Lippetal im Kreis Soest in NRW. Er ist seit Staffel 21 von Bauer sucht Frau bekannt, wo er sich in Laura Wagner verliebte.<\/p><\/details>\n<\/div>\n\n\n\n<script type=\"application\/ld+json\">{\"@context\":\"https:\/\/schema.org\",\"@type\":\"FAQPage\",\"mainEntity\":[{\"@type\":\"Question\",\"name\":\"Sind Friedrich und Laura aus Bauer sucht Frau noch zusammen?\",\"acceptedAnswer\":{\"@type\":\"Answer\",\"text\":\"Ja, Friedrich und Laura sind nach Bauer sucht Frau Staffel 21 immer noch ein Paar. Sie trainieren gemeinsam f\u00fcr den M\u00f6hnesee-Triathlon, den Friedrich als \u00dcberraschung f\u00fcr Laura organisiert hat.\"}},{\"@type\":\"Question\",\"name\":\"Wann findet der M\u00f6hnesee-Triathlon mit Friedrich und Laura statt?\",\"acceptedAnswer\":{\"@type\":\"Answer\",\"text\":\"Friedrich und Laura nehmen am M\u00f6hnesee-Triathlon an Lauras 27. Geburtstag teil. Friedrich hatte sie heimlich angemeldet \u2014 ein besonderes Geburtstagsgeschenk f\u00fcr seine Partnerin.\"}},{\"@type\":\"Question\",\"name\":\"Warum wurde der Triathlon-Moment nicht bei Bauer sucht Frau gezeigt?\",\"acceptedAnswer\":{\"@type\":\"Answer\",\"text\":\"Im Oster-Special von Bauer sucht Frau wurden Szenen aus Unterhaltungsgr\u00fcnden herausgeschnitten. Laura berichtete auf Instagram, dass Friedrichs heimliche Triathlon-Anmeldung nicht gesendet wurde \u2014 obwohl sie sich riesig gefreut hatte.\"}},{\"@type\":\"Question\",\"name\":\"Woher kommt Friedrich Dieckmann aus Bauer sucht Frau?\",\"acceptedAnswer\":{\"@type\":\"Answer\",\"text\":\"Friedrich Dieckmann ist Spargelbauer aus Lippetal im Kreis Soest in NRW. Er ist seit Staffel 21 von Bauer sucht Frau bekannt, wo er sich in Laura Wagner verliebte.\"}}]}<\/script>\n\n\n\n<script type=\"application\/ld+json\">{\"@context\":\"https:\/\/schema.org\",\"@type\":\"NewsArticle\",\"headline\":\"Bauer sucht Frau: Friedrich und Laura \u2013 M\u00f6hnesee Triathlon\",\"image\":\"https:\/\/farmersingles.de\/magazin\/wp-content\/uploads\/friedrich-laura-bauer-sucht-frau-triathlon.webp\",\"datePublished\":\"2026-07-17\",\"dateModified\":\"2026-07-17\",\"author\":{\"@type\":\"Person\",\"name\":\"Tommy Honold\"},\"publisher\":{\"@type\":\"Organization\",\"name\":\"FarmerSingles Magazin\",\"logo\":{\"@type\":\"ImageObject\",\"url\":\"https:\/\/farmersingles.de\/magazin\/wp-content\/uploads\/2024\/01\/farmersingles-logo.png\"}},\"description\":\"Friedrich und Laura aus Bauer sucht Frau trainieren gemeinsam f\u00fcr den M\u00f6hnesee-Triathlon. Friedrich hatte Laura heimlich angemeldet \u2013 ein romantisches \u00dcberraschungsgeschenk zum Geburtstag.\",\"mainEntityOfPage\":{\"@type\":\"WebPage\",\"@id\":\"https:\/\/farmersingles.de\/magazin\/bauer-sucht-frau\/bauer-sucht-frau-friedrich-laura-moehnesee-triathlon\/\"}}<\/script>\n\n\n<p style=\"font-size:13px;color:#888;\">Bildquelle: <a href=\"https:\/\/www.rtl.de\/sendungen\/bauer-sucht-frau\/\" rel=\"nofollow\" target=\"_blank\">RTL \/ Bauer sucht Frau<\/a><\/p>","protected":false},"excerpt":{"rendered":"<p>Was hat Friedrich beim M\u00f6hnesee-Triathlon heimlich f\u00fcr Laura geplant? Friedrich Dieckmann meldete seine Freundin Laura heimlich f\u00fcr den M\u00f6hnesee-Triathlon an,<\/p>\n","protected":false},"author":3,"featured_media":9497,"comment_status":"closed","ping_status":"closed","sticky":false,"template":"","format":"standard","meta":{"_monsterinsights_skip_tracking":false,"footnotes":""},"categories":[10],"tags":[208,389],"class_list":["post-9499","post","type-post","status-publish","format-standard","has-post-thumbnail","hentry","category-bauer-sucht-frau","tag-bauer-sucht-frau","tag-friedrich-dieckmann","comments-off"],"aioseo_notices":[],"aioseo_head":"\n\t\t<!-- All in One SEO Pro 5.0.1.1 - aioseo.com -->\n\t<meta name=\"description\" content=\"Ein Jahr nach dem Umzug von Namibia nach Polen zeigt Anna Heiser aus Bauer sucht Frau ihr noch unfertiges, ehrliches Zuhause.\" \/>\n\t<meta name=\"robots\" content=\"max-image-preview:large\" \/>\n\t<meta name=\"author\" content=\"Tommy Honold\"\/>\n\t<meta name=\"google-site-verification\" content=\"KEZ3cDM2NkJxOFs8eZsgARzq_2phF3da5NW-9GPDAEk\" \/>\n\t<meta name=\"p:domain_verify\" content=\"0cc3c227a37cb21099f62c20f8ad6f6d\" \/>\n\t<link rel=\"canonical\" href=\"https:\/\/farmersingles.de\/magazin\/bauer-sucht-frau\/bauer-sucht-frau-anna-gerald-heiser-ein-jahr-polen\/\" \/>\n\t<meta name=\"generator\" content=\"All in One SEO Pro (AIOSEO) 5.0.1.1\" \/>\n\t\t<meta property=\"og:locale\" content=\"de_DE\" \/>\n\t\t<meta property=\"og:site_name\" content=\"FarmerSingles MAGAZIN | TIPPS F\u00dcR SINGLES vom Land &amp; BAUER SUCHT FRAU\" \/>\n\t\t<meta property=\"og:type\" content=\"article\" \/>\n\t\t<meta property=\"og:title\" content=\"Bauer sucht Frau: Anna Heiser \u2013 Ein Jahr in Polen\" \/>\n\t\t<meta property=\"og:description\" content=\"Ein Jahr nach dem Umzug von Namibia nach Polen zeigt Anna Heiser aus Bauer sucht Frau ihr noch unfertiges, ehrliches Zuhause.\" \/>\n\t\t<meta property=\"og:url\" content=\"https:\/\/farmersingles.de\/magazin\/bauer-sucht-frau\/bauer-sucht-frau-anna-gerald-heiser-ein-jahr-polen\/\" \/>\n\t\t<meta property=\"og:image\" content=\"https:\/\/farmersingles.de\/magazin\/wp-content\/uploads\/cropped-JS-logo-Menu-orange-2.png\" \/>\n\t\t<meta property=\"og:image:secure_url\" content=\"https:\/\/farmersingles.de\/magazin\/wp-content\/uploads\/cropped-JS-logo-Menu-orange-2.png\" \/>\n\t\t<meta property=\"og:image:width\" content=\"240\" \/>\n\t\t<meta property=\"og:image:height\" content=\"240\" \/>\n\t\t<meta property=\"article:published_time\" content=\"2026-09-05T19:16:08+00:00\" \/>\n\t\t<meta property=\"article:modified_time\" content=\"2026-09-06T05:31:00+00:00\" \/>\n\t\t<meta property=\"article:publisher\" content=\"https:\/\/www.facebook.com\/Farmersingles.de\/?locale=de_DE\" \/>\n\t\t<meta property=\"article:author\" content=\"https:\/\/facebook.com\/thomashonold1\" \/>\n\t\t<script type=\"application\/ld+json\" class=\"aioseo-schema\">\n\t\t\t{\"@context\":\"https:\\\/\\\/schema.org\",\"@graph\":[{\"@type\":\"BreadcrumbList\",\"@id\":\"https:\\\/\\\/farmersingles.de\\\/magazin\\\/bauer-sucht-frau\\\/bauer-sucht-frau-anna-gerald-heiser-ein-jahr-polen\\\/#breadcrumblist\",\"itemListElement\":[{\"@type\":\"ListItem\",\"@id\":\"https:\\\/\\\/farmersingles.de\\\/magazin#listItem\",\"position\":1,\"name\":\"Home\",\"item\":\"https:\\\/\\\/farmersingles.de\\\/magazin\",\"nextItem\":{\"@type\":\"ListItem\",\"@id\":\"https:\\\/\\\/farmersingles.de\\\/magazin\\\/kategorie\\\/bauer-sucht-frau\\\/#listItem\",\"name\":\"TV-News \\\"Bauer sucht Frau\\\"\"}},{\"@type\":\"ListItem\",\"@id\":\"https:\\\/\\\/farmersingles.de\\\/magazin\\\/kategorie\\\/bauer-sucht-frau\\\/#listItem\",\"position\":2,\"name\":\"TV-News \\\"Bauer sucht Frau\\\"\",\"item\":\"https:\\\/\\\/farmersingles.de\\\/magazin\\\/kategorie\\\/bauer-sucht-frau\\\/\",\"nextItem\":{\"@type\":\"ListItem\",\"@id\":\"https:\\\/\\\/farmersingles.de\\\/magazin\\\/bauer-sucht-frau\\\/bauer-sucht-frau-friedrich-laura-moehnesee-triathlon\\\/#listItem\",\"name\":\"Bauer sucht Frau: Friedrich und Laura \\u2013 M\\u00f6hnesee Triathlon\"},\"previousItem\":{\"@type\":\"ListItem\",\"@id\":\"https:\\\/\\\/farmersingles.de\\\/magazin#listItem\",\"name\":\"Home\"}},{\"@type\":\"ListItem\",\"@id\":\"https:\\\/\\\/farmersingles.de\\\/magazin\\\/bauer-sucht-frau\\\/bauer-sucht-frau-friedrich-laura-moehnesee-triathlon\\\/#listItem\",\"position\":3,\"name\":\"Bauer sucht Frau: Friedrich und Laura \\u2013 M\\u00f6hnesee Triathlon\",\"previousItem\":{\"@type\":\"ListItem\",\"@id\":\"https:\\\/\\\/farmersingles.de\\\/magazin\\\/kategorie\\\/bauer-sucht-frau\\\/#listItem\",\"name\":\"TV-News \\\"Bauer sucht Frau\\\"\"}}]},{\"@type\":\"NewsArticle\",\"@id\":\"https:\\\/\\\/farmersingles.de\\\/magazin\\\/bauer-sucht-frau\\\/bauer-sucht-frau-anna-gerald-heiser-ein-jahr-polen\\\/#newsarticle\",\"name\":\"Bauer sucht Frau: Anna Heiser \\u2013 Ein Jahr in Polen\",\"headline\":\"Bauer sucht Frau: Anna Heiser \\u2013 Ein Jahr in Polen\",\"author\":{\"@id\":\"https:\\\/\\\/farmersingles.de\\\/magazin\\\/author\\\/tommy\\\/#author\"},\"publisher\":{\"@id\":\"https:\\\/\\\/farmersingles.de\\\/magazin\\\/#organization\"},\"image\":{\"@type\":\"ImageObject\",\"url\":\"https:\\\/\\\/farmersingles.de\\\/magazin\\\/wp-content\\\/uploads\\\/anna-heiser-traumhaus-polen.webp\",\"width\":1200,\"height\":1200,\"caption\":\"Anna und Gerald Heiser aus Bauer sucht Frau\"},\"datePublished\":\"2026-09-05T21:16:08+02:00\",\"dateModified\":\"2026-09-06T07:31:00+02:00\",\"inLanguage\":\"de-DE\",\"mainEntityOfPage\":{\"@id\":\"https:\\\/\\\/farmersingles.de\\\/magazin\\\/bauer-sucht-frau\\\/bauer-sucht-frau-anna-gerald-heiser-ein-jahr-polen\\\/#webpage\"},\"isPartOf\":{\"@id\":\"https:\\\/\\\/farmersingles.de\\\/magazin\\\/bauer-sucht-frau\\\/bauer-sucht-frau-anna-gerald-heiser-ein-jahr-polen\\\/#webpage\"},\"articleSection\":\"TV-News \\\"Bauer sucht Frau\\\", Anna Heiser, Bauer sucht Frau, Gerald Heiser\",\"dateline\":\"Ver\\u00f6ffentlicht am September 5, 2026.\"},{\"@type\":\"Organization\",\"@id\":\"https:\\\/\\\/farmersingles.de\\\/magazin\\\/#organization\",\"name\":\"FarmerSingles.de\",\"description\":\"FarmerSingles.de ist die Singleb\\u00f6rse f\\u00fcr Landwirte und Singles vom Land. Im FarmerSingles Magazin findest du Tipps zur Partnersuche, Erfolgsgeschichten und News rund um Bauer sucht Frau.\",\"url\":\"https:\\\/\\\/farmersingles.de\\\/magazin\\\/\",\"email\":\"info@icony.com\",\"foundingDate\":\"2025-02-01\",\"numberOfEmployees\":{\"@type\":\"QuantitativeValue\",\"minValue\":0,\"maxValue\":10},\"logo\":{\"@type\":\"ImageObject\",\"url\":\"https:\\\/\\\/farmersingles.de\\\/magazin\\\/wp-content\\\/uploads\\\/farmersingles_logo_quadratisch.png\",\"@id\":\"https:\\\/\\\/farmersingles.de\\\/magazin\\\/bauer-sucht-frau\\\/bauer-sucht-frau-anna-gerald-heiser-ein-jahr-polen\\\/#organizationLogo\",\"width\":1000,\"height\":1000,\"caption\":\"Logo Farmersingles Magazin Partnerusche, Love Storys und Bauer\"},\"image\":{\"@id\":\"https:\\\/\\\/farmersingles.de\\\/magazin\\\/bauer-sucht-frau\\\/bauer-sucht-frau-anna-gerald-heiser-ein-jahr-polen\\\/#organizationLogo\"},\"sameAs\":[\"https:\\\/\\\/www.facebook.com\\\/Farmersingles.de\\\/?locale=de_DE\",\"https:\\\/\\\/www.youtube.com\\\/@JobSinglesDE\"],\"address\":{\"@id\":\"https:\\\/\\\/farmersingles.de\\\/magazin\\\/#postaladdress\",\"@type\":\"PostalAddress\",\"streetAddress\":\"Heinestra\\u00dfe 72\",\"postalCode\":\"72762\",\"addressLocality\":\"Reutlingen\",\"addressRegion\":\"Baden-W\\u00fcrttemberg\",\"addressCountry\":\"DE\"},\"vatID\":\"UStIdNr. DE307590617\"},{\"@type\":\"Person\",\"@id\":\"https:\\\/\\\/farmersingles.de\\\/magazin\\\/author\\\/tommy\\\/#author\",\"url\":\"https:\\\/\\\/farmersingles.de\\\/magazin\\\/author\\\/tommy\\\/\",\"name\":\"Tommy Honold\",\"image\":{\"@type\":\"ImageObject\",\"@id\":\"https:\\\/\\\/farmersingles.de\\\/magazin\\\/bauer-sucht-frau\\\/bauer-sucht-frau-anna-gerald-heiser-ein-jahr-polen\\\/#authorImage\",\"url\":\"https:\\\/\\\/farmersingles.de\\\/magazin\\\/wp-content\\\/uploads\\\/tommy_honold.jpg\",\"width\":1200,\"height\":1600},\"sameAs\":[\"https:\\\/\\\/facebook.com\\\/thomashonold1\"],\"description\":\"Tommy Honold: Vom K\\u00fcchenmeister zum Content Creator - Ein Lebenslauf mit W\\u00fcrze Tommy Honold, Jahrgang '77, ist ein Tausendsassa mit einer ungew\\u00f6hnlichen Karriere. Vom \\\"commis de cuisine\\\" in der \\\"Mettnaustube\\\" (kein Witz, so hie\\u00df das Restaurant wirklich!) \\u00fcber den Meisterkoch bis hin zum Gesch\\u00e4ftsf\\u00fchrer von AUSGZEICHNET.ORG\\u2013 Thomas hat schon einiges hinter sich. Sogar bei der Marine hat er als Koch gearbeitet! Doch Thomas ruhte sich nicht auf seinen Lorbeeren aus. Neben seiner Leidenschaft f\\u00fcrs Kochen entdeckte er sein Talent als Unternehmer und gr\\u00fcndete das Datingportal \\\"Jobsingles\\\" dazu geh\\u00f6rt auch Farmersingles.de und Singlebuure.ch und zig andere Domains- Und jetzt? Jetzt erobert er die digitale Welt als Content Creator! Mit seinem spritzigen Humor und seinen vielf\\u00e4ltigen Erfahrungen bringt er frischen Wind in die Social-Media-Landschaft. Ob er wohl auch Kochvideos macht? Man darf gespannt sein!!\",\"jobTitle\":\"Redakteur\",\"alumniOf\":[{\"@type\":\"EducationalOrganization\",\"name\":\"Farmersingles.de\",\"sameAs\":\"https:\\\/\\\/farmersingles.de\\\/magazin\"},{\"@type\":\"EducationalOrganization\",\"name\":\"Jobsingles.de\",\"sameAs\":\"https:\\\/\\\/jobsingles.de\\\/\"},{\"@type\":\"EducationalOrganization\",\"name\":\"Singlebuure.ch\",\"sameAs\":\"https:\\\/\\\/singlebuure.ch\\\/\"}],\"knowsAbout\":[{\"@type\":\"Thing\",\"name\":\"Bauer Sucht Frau\",\"url\":\"https:\\\/\\\/www.rtl.de\\\/sendungen\\\/bauer-sucht-frau\\\/\"},{\"@type\":\"Thing\",\"name\":\"Partnersuche in der Landwirtschaft\",\"url\":\"https:\\\/\\\/farmersingles.de\\\/magazin\\\/\",\"sameAs\":[\"https:\\\/\\\/farmersingles.de\\\/\"]},{\"@type\":\"Thing\",\"name\":\"Online Partnersuche\",\"url\":\"https:\\\/\\\/jobsingles.de\\\/magazin\\\/\",\"sameAs\":[\"https:\\\/\\\/jobsingles.de\\\/\"]}],\"award\":[\"School of LIfe\"],\"knowsLanguage\":[\"Eglisch\",\"Deutsch\",\"Franz\\u00f6sisch\"]},{\"@type\":\"WebPage\",\"@id\":\"https:\\\/\\\/farmersingles.de\\\/magazin\\\/bauer-sucht-frau\\\/bauer-sucht-frau-anna-gerald-heiser-ein-jahr-polen\\\/#webpage\",\"url\":\"https:\\\/\\\/farmersingles.de\\\/magazin\\\/bauer-sucht-frau\\\/bauer-sucht-frau-anna-gerald-heiser-ein-jahr-polen\\\/\",\"name\":\"Bauer sucht Frau: Anna Heiser \\u2013 Ein Jahr in Polen\",\"description\":\"Ein Jahr nach dem Umzug von Namibia nach Polen zeigt Anna Heiser aus Bauer sucht Frau ihr noch unfertiges, ehrliches Zuhause.\",\"inLanguage\":\"de-DE\",\"isPartOf\":{\"@id\":\"https:\\\/\\\/farmersingles.de\\\/magazin\\\/#website\"},\"breadcrumb\":{\"@id\":\"https:\\\/\\\/farmersingles.de\\\/magazin\\\/bauer-sucht-frau\\\/bauer-sucht-frau-anna-gerald-heiser-ein-jahr-polen\\\/#breadcrumblist\"},\"author\":{\"@id\":\"https:\\\/\\\/farmersingles.de\\\/magazin\\\/author\\\/tommy\\\/#author\"},\"creator\":{\"@id\":\"https:\\\/\\\/farmersingles.de\\\/magazin\\\/author\\\/tommy\\\/#author\"},\"image\":{\"@type\":\"ImageObject\",\"url\":\"https:\\\/\\\/farmersingles.de\\\/magazin\\\/wp-content\\\/uploads\\\/anna-heiser-traumhaus-polen.webp\",\"@id\":\"https:\\\/\\\/farmersingles.de\\\/magazin\\\/bauer-sucht-frau\\\/bauer-sucht-frau-anna-gerald-heiser-ein-jahr-polen\\\/#mainImage\",\"width\":1200,\"height\":1200,\"caption\":\"Anna und Gerald Heiser aus Bauer sucht Frau\"},\"primaryImageOfPage\":{\"@id\":\"https:\\\/\\\/farmersingles.de\\\/magazin\\\/bauer-sucht-frau\\\/bauer-sucht-frau-anna-gerald-heiser-ein-jahr-polen\\\/#mainImage\"},\"datePublished\":\"2026-09-05T21:16:08+02:00\",\"dateModified\":\"2026-09-06T07:31:00+02:00\"},{\"@type\":\"WebSite\",\"@id\":\"https:\\\/\\\/farmersingles.de\\\/magazin\\\/#website\",\"url\":\"https:\\\/\\\/farmersingles.de\\\/magazin\\\/\",\"name\":\"FarmerSingles MAGAZIN\",\"alternateName\":\"TIPPS Partnersuche f\\u00fcr Landwirte und Singles vom Land\",\"description\":\"TIPPS F\\u00dcR SINGLES vom Land & BAUER SUCHT FRAU\",\"inLanguage\":\"de-DE\",\"publisher\":{\"@id\":\"https:\\\/\\\/farmersingles.de\\\/magazin\\\/#organization\"}}]}\n\t\t<\/script>\n\t\t<!-- All in One SEO Pro -->\r\n\t\t<title>Bauer sucht Frau: Anna Heiser \u2013 Ein Jahr in Polen<\/title>\n\n","aioseo_head_json":{"title":"Bauer sucht Frau: Anna Heiser \u2013 Ein Jahr in Polen","description":"Ein Jahr nach dem Umzug von Namibia nach Polen zeigt Anna Heiser aus Bauer sucht Frau ihr noch unfertiges, ehrliches Zuhause.","canonical_url":"https:\/\/farmersingles.de\/magazin\/bauer-sucht-frau\/bauer-sucht-frau-anna-gerald-heiser-ein-jahr-polen\/","robots":"max-image-preview:large","keywords":"","webmasterTools":{"google-site-verification":"KEZ3cDM2NkJxOFs8eZsgARzq_2phF3da5NW-9GPDAEk","p:domain_verify":"0cc3c227a37cb21099f62c20f8ad6f6d","miscellaneous":""},"schema":{"@context":"https:\/\/schema.org","@graph":[{"@type":"BreadcrumbList","@id":"https:\/\/farmersingles.de\/magazin\/bauer-sucht-frau\/bauer-sucht-frau-anna-gerald-heiser-ein-jahr-polen\/#breadcrumblist","itemListElement":[{"@type":"ListItem","@id":"https:\/\/farmersingles.de\/magazin#listItem","position":1,"name":"Home","item":"https:\/\/farmersingles.de\/magazin","nextItem":{"@type":"ListItem","@id":"https:\/\/farmersingles.de\/magazin\/kategorie\/bauer-sucht-frau\/#listItem","name":"TV-News \"Bauer sucht Frau\""}},{"@type":"ListItem","@id":"https:\/\/farmersingles.de\/magazin\/kategorie\/bauer-sucht-frau\/#listItem","position":2,"name":"TV-News \"Bauer sucht Frau\"","item":"https:\/\/farmersingles.de\/magazin\/kategorie\/bauer-sucht-frau\/","nextItem":{"@type":"ListItem","@id":"https:\/\/farmersingles.de\/magazin\/bauer-sucht-frau\/bauer-sucht-frau-friedrich-laura-moehnesee-triathlon\/#listItem","name":"Bauer sucht Frau: Friedrich und Laura \u2013 M\u00f6hnesee Triathlon"},"previousItem":{"@type":"ListItem","@id":"https:\/\/farmersingles.de\/magazin#listItem","name":"Home"}},{"@type":"ListItem","@id":"https:\/\/farmersingles.de\/magazin\/bauer-sucht-frau\/bauer-sucht-frau-friedrich-laura-moehnesee-triathlon\/#listItem","position":3,"name":"Bauer sucht Frau: Friedrich und Laura \u2013 M\u00f6hnesee Triathlon","previousItem":{"@type":"ListItem","@id":"https:\/\/farmersingles.de\/magazin\/kategorie\/bauer-sucht-frau\/#listItem","name":"TV-News \"Bauer sucht Frau\""}}]},{"@type":"NewsArticle","@id":"https:\/\/farmersingles.de\/magazin\/bauer-sucht-frau\/bauer-sucht-frau-anna-gerald-heiser-ein-jahr-polen\/#newsarticle","name":"Bauer sucht Frau: Anna Heiser \u2013 Ein Jahr in Polen","headline":"Bauer sucht Frau: Anna Heiser \u2013 Ein Jahr in Polen","author":{"@id":"https:\/\/farmersingles.de\/magazin\/author\/tommy\/#author"},"publisher":{"@id":"https:\/\/farmersingles.de\/magazin\/#organization"},"image":{"@type":"ImageObject","url":"https:\/\/farmersingles.de\/magazin\/wp-content\/uploads\/anna-heiser-traumhaus-polen.webp","width":1200,"height":1200,"caption":"Anna und Gerald Heiser aus Bauer sucht Frau"},"datePublished":"2026-09-05T21:16:08+02:00","dateModified":"2026-09-06T07:31:00+02:00","inLanguage":"de-DE","mainEntityOfPage":{"@id":"https:\/\/farmersingles.de\/magazin\/bauer-sucht-frau\/bauer-sucht-frau-anna-gerald-heiser-ein-jahr-polen\/#webpage"},"isPartOf":{"@id":"https:\/\/farmersingles.de\/magazin\/bauer-sucht-frau\/bauer-sucht-frau-anna-gerald-heiser-ein-jahr-polen\/#webpage"},"articleSection":"TV-News \"Bauer sucht Frau\", Anna Heiser, Bauer sucht Frau, Gerald Heiser","dateline":"Ver\u00f6ffentlicht am September 5, 2026."},{"@type":"Organization","@id":"https:\/\/farmersingles.de\/magazin\/#organization","name":"FarmerSingles.de","description":"FarmerSingles.de ist die Singleb\u00f6rse f\u00fcr Landwirte und Singles vom Land. Im FarmerSingles Magazin findest du Tipps zur Partnersuche, Erfolgsgeschichten und News rund um Bauer sucht Frau.","url":"https:\/\/farmersingles.de\/magazin\/","email":"info@icony.com","foundingDate":"2025-02-01","numberOfEmployees":{"@type":"QuantitativeValue","minValue":0,"maxValue":10},"logo":{"@type":"ImageObject","url":"https:\/\/farmersingles.de\/magazin\/wp-content\/uploads\/farmersingles_logo_quadratisch.png","@id":"https:\/\/farmersingles.de\/magazin\/bauer-sucht-frau\/bauer-sucht-frau-anna-gerald-heiser-ein-jahr-polen\/#organizationLogo","width":1000,"height":1000,"caption":"Logo Farmersingles Magazin Partnerusche, Love Storys und Bauer"},"image":{"@id":"https:\/\/farmersingles.de\/magazin\/bauer-sucht-frau\/bauer-sucht-frau-anna-gerald-heiser-ein-jahr-polen\/#organizationLogo"},"sameAs":["https:\/\/www.facebook.com\/Farmersingles.de\/?locale=de_DE","https:\/\/www.youtube.com\/@JobSinglesDE"],"address":{"@id":"https:\/\/farmersingles.de\/magazin\/#postaladdress","@type":"PostalAddress","streetAddress":"Heinestra\u00dfe 72","postalCode":"72762","addressLocality":"Reutlingen","addressRegion":"Baden-W\u00fcrttemberg","addressCountry":"DE"},"vatID":"UStIdNr. DE307590617"},{"@type":"Person","@id":"https:\/\/farmersingles.de\/magazin\/author\/tommy\/#author","url":"https:\/\/farmersingles.de\/magazin\/author\/tommy\/","name":"Tommy Honold","image":{"@type":"ImageObject","@id":"https:\/\/farmersingles.de\/magazin\/bauer-sucht-frau\/bauer-sucht-frau-anna-gerald-heiser-ein-jahr-polen\/#authorImage","url":"https:\/\/farmersingles.de\/magazin\/wp-content\/uploads\/tommy_honold.jpg","width":1200,"height":1600},"sameAs":["https:\/\/facebook.com\/thomashonold1"],"description":"Tommy Honold: Vom K\u00fcchenmeister zum Content Creator - Ein Lebenslauf mit W\u00fcrze Tommy Honold, Jahrgang '77, ist ein Tausendsassa mit einer ungew\u00f6hnlichen Karriere. Vom \"commis de cuisine\" in der \"Mettnaustube\" (kein Witz, so hie\u00df das Restaurant wirklich!) \u00fcber den Meisterkoch bis hin zum Gesch\u00e4ftsf\u00fchrer von AUSGZEICHNET.ORG\u2013 Thomas hat schon einiges hinter sich. Sogar bei der Marine hat er als Koch gearbeitet! Doch Thomas ruhte sich nicht auf seinen Lorbeeren aus. Neben seiner Leidenschaft f\u00fcrs Kochen entdeckte er sein Talent als Unternehmer und gr\u00fcndete das Datingportal \"Jobsingles\" dazu geh\u00f6rt auch Farmersingles.de und Singlebuure.ch und zig andere Domains- Und jetzt? Jetzt erobert er die digitale Welt als Content Creator! Mit seinem spritzigen Humor und seinen vielf\u00e4ltigen Erfahrungen bringt er frischen Wind in die Social-Media-Landschaft. Ob er wohl auch Kochvideos macht? Man darf gespannt sein!!","jobTitle":"Redakteur","alumniOf":[{"@type":"EducationalOrganization","name":"Farmersingles.de","sameAs":"https:\/\/farmersingles.de\/magazin"},{"@type":"EducationalOrganization","name":"Jobsingles.de","sameAs":"https:\/\/jobsingles.de\/"},{"@type":"EducationalOrganization","name":"Singlebuure.ch","sameAs":"https:\/\/singlebuure.ch\/"}],"knowsAbout":[{"@type":"Thing","name":"Bauer Sucht Frau","url":"https:\/\/www.rtl.de\/sendungen\/bauer-sucht-frau\/"},{"@type":"Thing","name":"Partnersuche in der Landwirtschaft","url":"https:\/\/farmersingles.de\/magazin\/","sameAs":["https:\/\/farmersingles.de\/"]},{"@type":"Thing","name":"Online Partnersuche","url":"https:\/\/jobsingles.de\/magazin\/","sameAs":["https:\/\/jobsingles.de\/"]}],"award":["School of LIfe"],"knowsLanguage":["Eglisch","Deutsch","Franz\u00f6sisch"]},{"@type":"WebPage","@id":"https:\/\/farmersingles.de\/magazin\/bauer-sucht-frau\/bauer-sucht-frau-anna-gerald-heiser-ein-jahr-polen\/#webpage","url":"https:\/\/farmersingles.de\/magazin\/bauer-sucht-frau\/bauer-sucht-frau-anna-gerald-heiser-ein-jahr-polen\/","name":"Bauer sucht Frau: Anna Heiser \u2013 Ein Jahr in Polen","description":"Ein Jahr nach dem Umzug von Namibia nach Polen zeigt Anna Heiser aus Bauer sucht Frau ihr noch unfertiges, ehrliches Zuhause.","inLanguage":"de-DE","isPartOf":{"@id":"https:\/\/farmersingles.de\/magazin\/#website"},"breadcrumb":{"@id":"https:\/\/farmersingles.de\/magazin\/bauer-sucht-frau\/bauer-sucht-frau-anna-gerald-heiser-ein-jahr-polen\/#breadcrumblist"},"author":{"@id":"https:\/\/farmersingles.de\/magazin\/author\/tommy\/#author"},"creator":{"@id":"https:\/\/farmersingles.de\/magazin\/author\/tommy\/#author"},"image":{"@type":"ImageObject","url":"https:\/\/farmersingles.de\/magazin\/wp-content\/uploads\/anna-heiser-traumhaus-polen.webp","@id":"https:\/\/farmersingles.de\/magazin\/bauer-sucht-frau\/bauer-sucht-frau-anna-gerald-heiser-ein-jahr-polen\/#mainImage","width":1200,"height":1200,"caption":"Anna und Gerald Heiser aus Bauer sucht Frau"},"primaryImageOfPage":{"@id":"https:\/\/farmersingles.de\/magazin\/bauer-sucht-frau\/bauer-sucht-frau-anna-gerald-heiser-ein-jahr-polen\/#mainImage"},"datePublished":"2026-09-05T21:16:08+02:00","dateModified":"2026-09-06T07:31:00+02:00"},{"@type":"WebSite","@id":"https:\/\/farmersingles.de\/magazin\/#website","url":"https:\/\/farmersingles.de\/magazin\/","name":"FarmerSingles MAGAZIN","alternateName":"TIPPS Partnersuche f\u00fcr Landwirte und Singles vom Land","description":"TIPPS F\u00dcR SINGLES vom Land & BAUER SUCHT FRAU","inLanguage":"de-DE","publisher":{"@id":"https:\/\/farmersingles.de\/magazin\/#organization"}}]},"og:locale":"de_DE","og:site_name":"FarmerSingles MAGAZIN | TIPPS F\u00dcR SINGLES vom Land &amp; BAUER SUCHT FRAU","og:type":"article","og:title":"Bauer sucht Frau: Anna Heiser \u2013 Ein Jahr in Polen","og:description":"Ein Jahr nach dem Umzug von Namibia nach Polen zeigt Anna Heiser aus Bauer sucht Frau ihr noch unfertiges, ehrliches Zuhause.","og:url":"https:\/\/farmersingles.de\/magazin\/bauer-sucht-frau\/bauer-sucht-frau-anna-gerald-heiser-ein-jahr-polen\/","og:image":"https:\/\/farmersingles.de\/magazin\/wp-content\/uploads\/cropped-JS-logo-Menu-orange-2.png","og:image:secure_url":"https:\/\/farmersingles.de\/magazin\/wp-content\/uploads\/cropped-JS-logo-Menu-orange-2.png","og:image:width":240,"og:image:height":240,"article:published_time":"2026-09-05T19:16:08+00:00","article:modified_time":"2026-09-06T05:31:00+00:00","article:publisher":"https:\/\/www.facebook.com\/Farmersingles.de\/?locale=de_DE","article:author":"https:\/\/facebook.com\/thomashonold1"},"aioseo_meta_data":{"post_id":"9499","title":"Bauer sucht Frau: Friedrich und Laura \u2013 M\u00f6hnesee Triathlon","description":"Friedrich und Laura aus Bauer sucht Frau trainieren f\u00fcr den M\u00f6hnesee-Triathlon. Friedrich hatte Laura heimlich angemeldet \u2013 eine romantische \u00dcberraschung.","keywords":null,"keyphrases":{"focus":{"keyphrase":"Friedrich und Laura","score":0,"analysis":[]}},"primary_term":null,"canonical_url":null,"og_title":null,"og_description":null,"og_object_type":"default","og_image_type":"default","og_image_url":null,"og_image_width":null,"og_image_height":null,"og_image_custom_url":null,"og_image_custom_fields":null,"og_video":null,"og_custom_url":null,"og_article_section":null,"og_article_tags":null,"twitter_use_og":false,"twitter_card":"default","twitter_image_type":"default","twitter_image_url":null,"twitter_image_custom_url":null,"twitter_image_custom_fields":null,"twitter_title":null,"twitter_description":null,"schema":{"blockGraphs":[],"customGraphs":[],"default":{"data":{"Article":[],"Course":[],"Dataset":[],"FAQPage":[],"Movie":[],"Person":[],"Product":[],"ProductReview":[],"Car":[],"Recipe":[],"Service":[],"SoftwareApplication":[],"WebPage":[]},"graphName":"none","isEnabled":true},"graphs":[]},"schema_type":"default","schema_type_options":null,"pillar_content":false,"robots_default":true,"robots_noindex":false,"robots_noarchive":false,"robots_nosnippet":false,"robots_nofollow":false,"robots_noimageindex":false,"robots_noodp":false,"robots_notranslate":false,"robots_max_snippet":null,"robots_max_videopreview":null,"robots_max_imagepreview":"large","priority":null,"frequency":null,"location":null,"local_seo":null,"seo_analyzer_scan_date":"2026-07-26 05:43:54","breadcrumb_settings":null,"limit_modified_date":false,"reviewed_by":null,"open_ai":null,"ai":null,"created":"2026-07-17 05:25:14","updated":"2026-07-26 05:43:54","focus_keyword":"Friedrich und Laura","additional_keywords":null,"truseo_locale":null},"aioseo_breadcrumb":"<div class=\"aioseo-breadcrumbs\"><span class=\"aioseo-breadcrumb\">\n\t<a href=\"https:\/\/farmersingles.de\/magazin\" title=\"Home\">Home<\/a>\n<\/span><span class=\"aioseo-breadcrumb-separator\">\u00bb<\/span><span class=\"aioseo-breadcrumb\">\n\t<a href=\"https:\/\/farmersingles.de\/magazin\/kategorie\/bauer-sucht-frau\/\" title=\"TV-News\">TV-News \"Bauer sucht Frau\"<\/a>\n<\/span><span class=\"aioseo-breadcrumb-separator\">\u00bb<\/span><span class=\"aioseo-breadcrumb\">\n\tBauer sucht Frau: Friedrich und Laura \u2013 M\u00f6hnesee Triathlon\n<\/span><\/div>","aioseo_breadcrumb_json":[{"label":"Home","link":"https:\/\/farmersingles.de\/magazin"},{"label":"TV-News \"Bauer sucht Frau\"","link":"https:\/\/farmersingles.de\/magazin\/kategorie\/bauer-sucht-frau\/"},{"label":"Bauer sucht Frau: Friedrich und Laura \u2013 M\u00f6hnesee Triathlon","link":"https:\/\/farmersingles.de\/magazin\/bauer-sucht-frau\/bauer-sucht-frau-friedrich-laura-moehnesee-triathlon\/"}],"_links":{"self":[{"href":"https:\/\/farmersingles.de\/magazin\/wp-json\/wp\/v2\/posts\/9499","targetHints":{"allow":["GET"]}}],"collection":[{"href":"https:\/\/farmersingles.de\/magazin\/wp-json\/wp\/v2\/posts"}],"about":[{"href":"https:\/\/farmersingles.de\/magazin\/wp-json\/wp\/v2\/types\/post"}],"author":[{"embeddable":true,"href":"https:\/\/farmersingles.de\/magazin\/wp-json\/wp\/v2\/users\/3"}],"replies":[{"embeddable":true,"href":"https:\/\/farmersingles.de\/magazin\/wp-json\/wp\/v2\/comments?post=9499"}],"version-history":[{"count":0,"href":"https:\/\/farmersingles.de\/magazin\/wp-json\/wp\/v2\/posts\/9499\/revisions"}],"wp:featuredmedia":[{"embeddable":true,"href":"https:\/\/farmersingles.de\/magazin\/wp-json\/wp\/v2\/media\/9497"}],"wp:attachment":[{"href":"https:\/\/farmersingles.de\/magazin\/wp-json\/wp\/v2\/media?parent=9499"}],"wp:term":[{"taxonomy":"category","embeddable":true,"href":"https:\/\/farmersingles.de\/magazin\/wp-json\/wp\/v2\/categories?post=9499"},{"taxonomy":"post_tag","embeddable":true,"href":"https:\/\/farmersingles.de\/magazin\/wp-json\/wp\/v2\/tags?post=9499"}],"curies":[{"name":"wp","href":"https:\/\/api.w.org\/{rel}","templated":true}]}}